{"id":2917,"date":"2014-02-08T09:03:14","date_gmt":"2014-02-08T08:03:14","guid":{"rendered":"http:\/\/www.lamborena.com\/?p=2917"},"modified":"2014-02-08T09:03:14","modified_gmt":"2014-02-08T08:03:14","slug":"chica-facil","status":"publish","type":"post","link":"https:\/\/www.lamborena.com\/?p=2917","title":{"rendered":"Chica f\u00e1cil"},"content":{"rendered":"<p style=\"text-align: justify;\">He visitado la zona del telef\u00e9rico de Fuente De unas cuantas veces a lo largo de los a\u00f1os y en todas ellas ha habido un denominador com\u00fan: La chova piquiguada (Pyrrhocorax graculus)&#8230; No domino el tema de las aves pero \u00e9sta es f\u00e1cil de distinguir.<\/p>\n<p style=\"text-align: justify;\">En mi \u00faltima visita a la zona durante unas vacaciones familiares, decid\u00ed cargar con el 70-200 y el duplicador con la certeza de que las chovas no fallar\u00edan a su cita y me dar\u00edan algo de entretenimiento a la hora del almuerzo. Mis predicciones no fallaron y en cuanto nos sentamos y nos pusimos a comer el bocata all\u00ed aparecieron a pedir su raci\u00f3n&#8230;<\/p>\n<p style=\"text-align: justify;\">Hice un mont\u00f3n de fotos a varias de ellas pero casi desde el principio decid\u00ed centrarme en el \u00fanico ejemplar que vi sin anillar, tal vez por darle un toque m\u00e1s \u00abnatural\u00bb a la foto. Es una foto f\u00e1cil de hacer para cualquiera que se acerque all\u00ed y me apetec\u00eda tener un retrato de una de estas aves as\u00ed que solo hab\u00eda que elegir la protagonista y tener un poco de paciencia hasta que se colocara en un lugar apropiado.<\/p>\n<p style=\"text-align: justify;\">La foto la hice desde el suelo para poder estar a la altura del sujeto y como y utilic\u00e9 el 70-200 de Canon a si m\u00e1xima focal y m\u00e1xima apertura para conseguir un fondo desenfocado. La velocidad de disparo fue de 1\/3200 a ISO100. Lo cierto es que este objetivo es una aut\u00e9ntica maravilla. Tiene una nitidez y una reproducci\u00f3n del color maravillosas. Estoy encantado con \u00e9l. Pesa una tonelada para llevarlo encima pero cuando ves las fotos que has hecho con \u00e9l nunca te decepciona.<\/p>\n<p style=\"text-align: justify;\">Os dejo con la foto! Laster arte!<\/p>\n<p style=\"text-align: center;\"><img loading=\"lazy\" decoding=\"async\" style=\"border: 2px solid black;\" alt=\"\" src=\"http:\/\/farm8.staticflickr.com\/7261\/7691748308_9a653645e9_z.jpg\" width=\"640\" height=\"426\" \/><\/p>\n","protected":false},"excerpt":{"rendered":"<p>He visitado la zona del telef\u00e9rico de Fuente De unas cuantas veces a lo largo de los a\u00f1os y en todas ellas ha habido un denominador com\u00fan: La chova piquiguada (Pyrrhocorax graculus)&#8230; No domino el tema de las aves pero \u00e9sta es f\u00e1cil de distinguir. En mi \u00faltima visita a la zona durante unas vacaciones [&hellip;]<\/p>\n","protected":false},"author":1,"featured_media":0,"comment_status":"open","ping_status":"open","sticky":false,"template":"","format":"standard","meta":{"ngg_post_thumbnail":0,"footnotes":""},"categories":[6],"tags":[53,55,1344,1343,1342,1494,732],"class_list":["post-2917","post","type-post","status-publish","format-standard","hentry","category-fotografia","tag-andoni-lamborena","tag-canon","tag-canon-70-200","tag-chova","tag-chova-piquigualda","tag-lamborena","tag-picos-de-europa","entry"],"_links":{"self":[{"href":"https:\/\/www.lamborena.com\/index.php?rest_route=\/wp\/v2\/posts\/2917","targetHints":{"allow":["GET"]}}],"collection":[{"href":"https:\/\/www.lamborena.com\/index.php?rest_route=\/wp\/v2\/posts"}],"about":[{"href":"https:\/\/www.lamborena.com\/index.php?rest_route=\/wp\/v2\/types\/post"}],"author":[{"embeddable":true,"href":"https:\/\/www.lamborena.com\/index.php?rest_route=\/wp\/v2\/users\/1"}],"replies":[{"embeddable":true,"href":"https:\/\/www.lamborena.com\/index.php?rest_route=%2Fwp%2Fv2%2Fcomments&post=2917"}],"version-history":[{"count":1,"href":"https:\/\/www.lamborena.com\/index.php?rest_route=\/wp\/v2\/posts\/2917\/revisions"}],"predecessor-version":[{"id":2918,"href":"https:\/\/www.lamborena.com\/index.php?rest_route=\/wp\/v2\/posts\/2917\/revisions\/2918"}],"wp:attachment":[{"href":"https:\/\/www.lamborena.com\/index.php?rest_route=%2Fwp%2Fv2%2Fmedia&parent=2917"}],"wp:term":[{"taxonomy":"category","embeddable":true,"href":"https:\/\/www.lamborena.com\/index.php?rest_route=%2Fwp%2Fv2%2Fcategories&post=2917"},{"taxonomy":"post_tag","embeddable":true,"href":"https:\/\/www.lamborena.com\/index.php?rest_route=%2Fwp%2Fv2%2Ftags&post=2917"}],"curies":[{"name":"wp","href":"https:\/\/api.w.org\/{rel}","templated":true}]}}