{"id":2933,"date":"2014-03-07T01:04:25","date_gmt":"2014-03-07T00:04:25","guid":{"rendered":"http:\/\/www.lamborena.com\/?p=2933"},"modified":"2014-03-07T01:04:25","modified_gmt":"2014-03-07T00:04:25","slug":"somos-lineales-componiendo-o-hay-otros-factores-que-nos-influyen-al-componer","status":"publish","type":"post","link":"https:\/\/www.lamborena.com\/?p=2933","title":{"rendered":"\u00bfSomos lineales componiendo? O \u00bfHay otros factores que nos influyen al componer?"},"content":{"rendered":"<p style=\"text-align: justify;\">Algunos de vosotros dir\u00e9is: \u00abA Andoni se le ha ido la pinza\u00bb&#8230; Otros en cambio os preguntar\u00e9is a qu\u00e9 viene tanta pregunta y&#8230; Seguramente alg\u00fan otro se dedicar\u00e1 a intentar responder antes de leer lo que os voy a contar.<\/p>\n<p style=\"text-align: justify;\">\u00bfA qu\u00e9 viene todo esto? Pues la verdad es que ayer haciendo fotos en un hayedo me pas\u00f3 algo curioso, algo de lo que no fui consciente hasta que por la noche me puse a revelar las fotos. Esta ma\u00f1ana, al ver lo que me hab\u00eda pasado lo que comentado con mi amigo <a href=\"http:\/\/www.rafairusta.com\" target=\"_blank\">Rafa Irusta<\/a>, con quien compart\u00ed la sesi\u00f3n de ayer y me ha dicho que deber\u00eda escribir un post en el blog sobre esto&#8230; La verdad es que no lo hab\u00eda barajado, pero despu\u00e9s de su propuesta, he pasado un buen rato d\u00e1ndole vueltas a como enfocarlo y en ello sigo&#8230;<\/p>\n<p style=\"text-align: justify;\">Os pongo en antecedentes: La pasada primavera, all\u00e1 por el mes de mayo, hice una visita al hayedo de Belaustegi, en Gorbeia. De aquella sesi\u00f3n me traje un buen pu\u00f1ado de fotos, de la cuales alguna he publicado y alguna otra sigue por ah\u00ed guardada. Una de las fotos de aquella ma\u00f1ana, podemos decir que ha tenido bastante \u00e9xito entre mis allegados y decora alguna pared que otra, incluso he podido vender alguna que otra copia. A mi la verdad es que no es la que m\u00e1s me guste, ni mucho menos, pero tampoco me disgusta&#8230; En su momento, cuando la publiqu\u00e9, cre\u00eda que le faltaba algo y ese algo ya recuerdo haberlo detectado in situ cuando la hice. En el momento de realizar esta toma, gran parte de la densa niebla que hab\u00eda aquella ma\u00f1ana se hab\u00eda disipado y es por ello que creo que le falta ese plus que s\u00ed tienen otras fotos de la misma sesi\u00f3n.<\/p>\n<p style=\"text-align: justify;\">He aqu\u00ed la foto en cuesti\u00f3n:<\/p>\n<p style=\"text-align: center;\"><a href=\"https:\/\/www.lamborena.com\/wp-content\/uploads\/2014\/03\/MG_7070.jpg\"><img loading=\"lazy\" decoding=\"async\" class=\"aligncenter  wp-image-2934\" alt=\"_MG_7070\" src=\"https:\/\/www.lamborena.com\/wp-content\/uploads\/2014\/03\/MG_7070-1024x682.jpg\" width=\"640\" height=\"427\" srcset=\"https:\/\/www.lamborena.com\/wp-content\/uploads\/2014\/03\/MG_7070-1024x682.jpg 1024w, https:\/\/www.lamborena.com\/wp-content\/uploads\/2014\/03\/MG_7070-300x200.jpg 300w, https:\/\/www.lamborena.com\/wp-content\/uploads\/2014\/03\/MG_7070.jpg 1600w\" sizes=\"auto, (max-width: 640px) 100vw, 640px\" \/><\/a><\/p>\n<p style=\"text-align: center;\">\n<p style=\"text-align: center;\">\n<p style=\"text-align: justify;\">Sigo con la historia&#8230;<\/p>\n<p style=\"text-align: justify;\">Ayer tuve el d\u00eda libre en el trabajo y como ten\u00eda mono de fotos, pude organizar una salida al mismo hayedo en compa\u00f1\u00eda, como ya he comentado antes, de Rafa. Seg\u00fan \u00edbamos acerc\u00e1ndonos al hayedo le coment\u00e9 a Rafa la historia de esta foto. Le dije que me qued\u00e9 con las ganas de hacerla con m\u00e1s niebla en su d\u00eda y viendo la densidad de niebla que ten\u00edamos ayer al llegar le coment\u00e9 que iba a tratar de repetirla. Lo cierto es que en mi pensamiento no estaba premeditado ni calculado hacer un calco de ella, simplemente quer\u00eda darle el plus de la niebla m\u00e1s densa, pero no se ni como ni de qu\u00e9 manera fue justo un calco lo que consegu\u00ed&#8230; Anoche al ponerme a revelar la foto ten\u00eda la sensaci\u00f3n de que era muy muy similar a la de primavera, as\u00ed que las abr\u00ed juntas en pantalla y me qued\u00e9 alucinado. Mil\u00edmetro arriba, mil\u00edmetro abajo, las dos fotos eran un calco. Os puedo garantizar que ni una ni otra tienen el m\u00e1s m\u00ednimo recorte.<\/p>\n<p style=\"text-align: justify;\">Os la muestro:<\/p>\n<p style=\"text-align: center;\"><a href=\"https:\/\/www.lamborena.com\/wp-content\/uploads\/2014\/03\/MG_0655.jpg\"><img loading=\"lazy\" decoding=\"async\" class=\"aligncenter  wp-image-2935\" alt=\"_MG_0655\" src=\"https:\/\/www.lamborena.com\/wp-content\/uploads\/2014\/03\/MG_0655-1024x682.jpg\" width=\"640\" height=\"427\" srcset=\"https:\/\/www.lamborena.com\/wp-content\/uploads\/2014\/03\/MG_0655-1024x682.jpg 1024w, https:\/\/www.lamborena.com\/wp-content\/uploads\/2014\/03\/MG_0655-300x200.jpg 300w, https:\/\/www.lamborena.com\/wp-content\/uploads\/2014\/03\/MG_0655.jpg 1600w\" sizes=\"auto, (max-width: 640px) 100vw, 640px\" \/><\/a><\/p>\n<p style=\"text-align: center;\">\n<p style=\"text-align: justify;\">\u00bfOs ha pasado algo similar alguna vez? A mi me ha llevado a plantearme la pregunta que da t\u00edtulo al post&#8230; \u00bfSomos lineales componiendo? \u00bfSeguimos unos patrones que ya llevamos predeterminados en nuestra forma de interpretar los paisajes o escenas que tenemos delante? Parece ser que yo s\u00ed&#8230; \u00bfPuede ser que haya factores y elementos en los escenarios que fotografiamos que nos obliguen a componer de una forma determinada? Esto \u00faltimo creo que es evidente que s\u00ed. Siempre hay alg\u00fan elemento que nos obliga a cortar en un sitio y no en otro la foto, siempre hay una l\u00ednea que tiene un encaje y no otro en un encuadre, siempre tenemos el dichoso \u00e1rbol que nos desequilibra la composici\u00f3n, la condenada roca que no conseguimos meter entera en el encuadre&#8230;En nuestras conversaciones sobre fotograf\u00eda siempre hablamos de encuadres obligados, cl\u00e1sicos, t\u00edpicos o como queramos llamarlos&#8230; Hay lugares que se prestan a mil y un encuadres, pero siempre hay uno que es \u00abel encuadre\u00bb, el que todos queremos, el que a todos nos gusta, el que estamos cansados de ver pero nos sigue pareciendo el mejor, el que&#8230; Pong\u00e1mosle el nombre que queramos. \u00bfReaccionamos todos igual ante estos elementos? \u00bfNos influyen de igual manera? En definitiva&#8230; \u00bfEstamos todos cortados por el mismo patr\u00f3n? Enti\u00e9ndase que estoy generalizando, ya se que la respuesta es negativa&#8230;<\/p>\n<p style=\"text-align: justify;\">Una salida productiva la de ayer, sin duda, m\u00e1s en el \u00e1mbito reflexivo que en el puramente fotogr\u00e1fico. Os dejo con toda esa serie de inquietudes planteadas&#8230; Me gustar\u00eda que aqu\u00ed o en <a href=\"https:\/\/www.facebook.com\/groups\/lamborena\/\" target=\"_blank\">Facebook<\/a> charl\u00e1ramos un rato sobre esto. Me encantar\u00e1 leer vuestras reflexiones al respecto&#8230; Como hab\u00e9is podido comprobar yo a penas he sacado conclusiones, sobre todo porque soy un ne\u00f3fito total en el enorme mundo que se esconde tras el lenguaje art\u00edstico de la fotograf\u00eda.<\/p>\n<p style=\"text-align: justify;\">Laster arte!<\/p>\n","protected":false},"excerpt":{"rendered":"<p>Algunos de vosotros dir\u00e9is: \u00abA Andoni se le ha ido la pinza\u00bb&#8230; Otros en cambio os preguntar\u00e9is a qu\u00e9 viene tanta pregunta y&#8230; Seguramente alg\u00fan otro se dedicar\u00e1 a intentar responder antes de leer lo que os voy a contar. \u00bfA qu\u00e9 viene todo esto? Pues la verdad es que ayer haciendo fotos en un [&hellip;]<\/p>\n","protected":false},"author":1,"featured_media":0,"comment_status":"open","ping_status":"open","sticky":false,"template":"","format":"standard","meta":{"ngg_post_thumbnail":0,"footnotes":""},"categories":[6],"tags":[53,1345,1165,1178,1346,577,581,1494,1181,1347,446],"class_list":["post-2933","post","type-post","status-publish","format-standard","hentry","category-fotografia","tag-andoni-lamborena","tag-belaustegi","tag-bosque","tag-bosque-de-hayas","tag-composicion","tag-gorbeia","tag-hayedo","tag-lamborena","tag-pagadi","tag-reflexiones-sobre-composicion","tag-reglas-de-composicion","entry"],"_links":{"self":[{"href":"https:\/\/www.lamborena.com\/index.php?rest_route=\/wp\/v2\/posts\/2933","targetHints":{"allow":["GET"]}}],"collection":[{"href":"https:\/\/www.lamborena.com\/index.php?rest_route=\/wp\/v2\/posts"}],"about":[{"href":"https:\/\/www.lamborena.com\/index.php?rest_route=\/wp\/v2\/types\/post"}],"author":[{"embeddable":true,"href":"https:\/\/www.lamborena.com\/index.php?rest_route=\/wp\/v2\/users\/1"}],"replies":[{"embeddable":true,"href":"https:\/\/www.lamborena.com\/index.php?rest_route=%2Fwp%2Fv2%2Fcomments&post=2933"}],"version-history":[{"count":2,"href":"https:\/\/www.lamborena.com\/index.php?rest_route=\/wp\/v2\/posts\/2933\/revisions"}],"predecessor-version":[{"id":2937,"href":"https:\/\/www.lamborena.com\/index.php?rest_route=\/wp\/v2\/posts\/2933\/revisions\/2937"}],"wp:attachment":[{"href":"https:\/\/www.lamborena.com\/index.php?rest_route=%2Fwp%2Fv2%2Fmedia&parent=2933"}],"wp:term":[{"taxonomy":"category","embeddable":true,"href":"https:\/\/www.lamborena.com\/index.php?rest_route=%2Fwp%2Fv2%2Fcategories&post=2933"},{"taxonomy":"post_tag","embeddable":true,"href":"https:\/\/www.lamborena.com\/index.php?rest_route=%2Fwp%2Fv2%2Ftags&post=2933"}],"curies":[{"name":"wp","href":"https:\/\/api.w.org\/{rel}","templated":true}]}}