{"id":2939,"date":"2014-03-10T17:04:21","date_gmt":"2014-03-10T16:04:21","guid":{"rendered":"http:\/\/www.lamborena.com\/?p=2939"},"modified":"2014-03-10T17:05:13","modified_gmt":"2014-03-10T16:05:13","slug":"dejando-pasar-el-tiempo","status":"publish","type":"post","link":"https:\/\/www.lamborena.com\/?p=2939","title":{"rendered":"Dejando pasar el tiempo"},"content":{"rendered":"<p style=\"text-align: justify;\">Hoy quiero mostrar a los lectores del blog dos fotos de una misma sesi\u00f3n, realizadas con el mismo equipo y en la misma localizaci\u00f3n pero con un peque\u00f1o margen de tiempo entre una y otra. El tiempo transcurrido entre la primera toma y la segunda fue de aproximadamente 25 minutos. Corr\u00eda agosto de 2012&#8230;<\/p>\n<p style=\"text-align: justify;\">No voy a descubrir nada nuevo a quien frecuente las horas crepusculares para realizar sus fotograf\u00edas de paisaje, pero a alguien le puede servir como orientaci\u00f3n.<\/p>\n<p style=\"text-align: justify;\">Durante el crep\u00fasculo vivimos distintos momentos de luz y seg\u00fan nuestros gustos y preferencias tenemos diversas formas de aprovecharlos para plasmarlos en nuestras fotograf\u00edas. Como ya he dicho al inicio, hoy me apetece mostrar dos fotos en las que los diferentes momentos de luz son muy evidentes.<\/p>\n<p style=\"text-align: justify;\">En esta primera toma, vemos el efecto de las \u00faltimas luces del d\u00eda sobre los elementos. Esta luz tiende a tostar los tonos ocres y les da un atractivo especial para mi gusto. Con estas luces, los tonos crepusculares a\u00fan no son muy evidentes en las nubes, aunque ya empiezan a tener peso.<\/p>\n<p><img loading=\"lazy\" decoding=\"async\" class=\"aligncenter\" style=\"border: 2px solid black;\" alt=\"\" src=\"http:\/\/farm9.staticflickr.com\/8436\/7851101440_31512dc47d_z.jpg\" width=\"640\" height=\"427\" \/><\/p>\n<p style=\"text-align: justify;\">La segunda toma se realiz\u00f3 con el sol ya escondido bajo el horizonte con lo que no tenemos luces directas sobre los elementos pero, debido a lo pr\u00f3ximo del crep\u00fasculo a\u00fan queda la suficiente luz como para que la escena salga iluminada. En estos momentos los tonos crepusculares alcanzan su apogeo y es cuando hacen que nuestros sentidos se deleiten disfrutando de ellos. En esta toma se puede ver el efecto de dichos colores. Ubiqu\u00e9 la nube protagonista en un lugar privilegiado del encuadre para darle la importancia que para mi ten\u00eda en ese momento.<\/p>\n<p><img loading=\"lazy\" decoding=\"async\" class=\"aligncenter\" style=\"border: 2px solid black;\" alt=\"\" src=\"http:\/\/farm9.staticflickr.com\/8290\/7800738910_6814120b90_z.jpg\" width=\"640\" height=\"427\" \/><\/p>\n<p style=\"text-align: justify;\">Para la realizaci\u00f3n de la primera toma utilic\u00e9 un filtro de densidad neutra que prolong\u00f3 el tiempo de exposici\u00f3n casi hasta los dos minutos, lo que le a\u00f1adi\u00f3 tambi\u00e9n un punto extra de saturaci\u00f3n. La segunda toma por contra no necesit\u00f3 de tanta densidad en el filtro y se fue por si sola hasta los 20 segundos de exposici\u00f3n.<\/p>\n<p style=\"text-align: justify;\">Hay que recalcar que ambas fotograf\u00edas fueron realizadas a favor de luz, lo que simplifica bastante su realizaci\u00f3n.<\/p>\n<p style=\"text-align: justify;\">Espero que estas dos tomas hayan servido como ejemplo de los distintos efectos que producen las \u00faltimas luces sobre nuestros elementos. Hay ejemplos mejores, desde luego, pero yo no tengo muchos m\u00e1s! \ud83d\ude09<\/p>\n","protected":false},"excerpt":{"rendered":"<p>Hoy quiero mostrar a los lectores del blog dos fotos de una misma sesi\u00f3n, realizadas con el mismo equipo y en la misma localizaci\u00f3n pero con un peque\u00f1o margen de tiempo entre una y otra. El tiempo transcurrido entre la primera toma y la segunda fue de aproximadamente 25 minutos. Corr\u00eda agosto de 2012&#8230; No [&hellip;]<\/p>\n","protected":false},"author":1,"featured_media":0,"comment_status":"open","ping_status":"open","sticky":false,"template":"","format":"standard","meta":{"ngg_post_thumbnail":0,"footnotes":""},"categories":[6],"tags":[53,8,1330,88,68,50,1494,1348,18,129,612,359,1349],"class_list":["post-2939","post","type-post","status-publish","format-standard","hentry","category-fotografia","tag-andoni-lamborena","tag-atardecer","tag-covaron","tag-fotos-de-muskiz","tag-itsaslur","tag-kobaron","tag-lamborena","tag-luces-crepusculares","tag-muskiz","tag-muskizko-argazkiak","tag-parque-itsaslur","tag-paseo-itsaslur","tag-ultimas-luces","entry"],"_links":{"self":[{"href":"https:\/\/www.lamborena.com\/index.php?rest_route=\/wp\/v2\/posts\/2939","targetHints":{"allow":["GET"]}}],"collection":[{"href":"https:\/\/www.lamborena.com\/index.php?rest_route=\/wp\/v2\/posts"}],"about":[{"href":"https:\/\/www.lamborena.com\/index.php?rest_route=\/wp\/v2\/types\/post"}],"author":[{"embeddable":true,"href":"https:\/\/www.lamborena.com\/index.php?rest_route=\/wp\/v2\/users\/1"}],"replies":[{"embeddable":true,"href":"https:\/\/www.lamborena.com\/index.php?rest_route=%2Fwp%2Fv2%2Fcomments&post=2939"}],"version-history":[{"count":3,"href":"https:\/\/www.lamborena.com\/index.php?rest_route=\/wp\/v2\/posts\/2939\/revisions"}],"predecessor-version":[{"id":2942,"href":"https:\/\/www.lamborena.com\/index.php?rest_route=\/wp\/v2\/posts\/2939\/revisions\/2942"}],"wp:attachment":[{"href":"https:\/\/www.lamborena.com\/index.php?rest_route=%2Fwp%2Fv2%2Fmedia&parent=2939"}],"wp:term":[{"taxonomy":"category","embeddable":true,"href":"https:\/\/www.lamborena.com\/index.php?rest_route=%2Fwp%2Fv2%2Fcategories&post=2939"},{"taxonomy":"post_tag","embeddable":true,"href":"https:\/\/www.lamborena.com\/index.php?rest_route=%2Fwp%2Fv2%2Ftags&post=2939"}],"curies":[{"name":"wp","href":"https:\/\/api.w.org\/{rel}","templated":true}]}}