{"id":2948,"date":"2014-03-24T13:50:51","date_gmt":"2014-03-24T12:50:51","guid":{"rendered":"http:\/\/www.lamborena.com\/?p=2948"},"modified":"2014-03-24T13:50:51","modified_gmt":"2014-03-24T12:50:51","slug":"raton-marino","status":"publish","type":"post","link":"https:\/\/www.lamborena.com\/?p=2948","title":{"rendered":"Rat\u00f3n marino"},"content":{"rendered":"<p style=\"text-align: justify;\">Desde esta localizaci\u00f3n, el monte Buciero de Santo\u00f1a me recuerda al famoso rat\u00f3n de Getaria, de ah\u00ed el t\u00edtulo de la foto&#8230; Fue una entretenida tarde en compa\u00f1\u00eda de mis amigos Jes\u00fas y Jose en la zona de la Yesera. Mientras Jes\u00fas trat\u00f3 de encaramarse en lo m\u00e1s alto del monte y Jose se entreten\u00eda por la zona baya, yo me qued\u00e9 en la zona media tratando de robar alg\u00fan color al atardecer.<\/p>\n<p style=\"text-align: justify;\">Es curioso que en varias de las ocasiones que he visitado este lugar las nubes han cogido una forma muy similar justo por encima del monte Buciero. Seguro que tiene alguna explicaci\u00f3n relacionada con la climatolog\u00eda, pero a mi se me escapa&#8230;<\/p>\n<p style=\"text-align: justify;\">La toma tiene 6 segundos de exposici\u00f3n con un filtro ND de 3 pasos y un degradado de otros tres para compensar luces. Se realiz\u00f3 a 17mm de focal, diafragma de F16 y sensibilidad ISO50.<\/p>\n<p style=\"text-align: justify;\">Me encanta este enclave. Creo que merece la pena ir a conocerlo, aunque sea sin c\u00e1mara. Es habitual observar rapaces y carro\u00f1eras por all\u00ed y la tranquilidad y sosiego que se respiran son de los m\u00e1s relajante&#8230; El punto negativo para las fotos suelen representarlo la enorme cantidad de peque\u00f1as embarcaciones de pesca que se suelen juntar por all\u00ed. En la foto se ven un mont\u00f3n&#8230;<\/p>\n<p style=\"text-align: justify;\">Os dejo con la foto. Laster arte!<\/p>\n<p style=\"text-align: center;\"><img loading=\"lazy\" decoding=\"async\" style=\"border: 2px solid black;\" alt=\"\" src=\"http:\/\/farm9.staticflickr.com\/8308\/7844785672_7998d9ee1e_z.jpg\" width=\"640\" height=\"427\" \/><\/p>\n","protected":false},"excerpt":{"rendered":"<p>Desde esta localizaci\u00f3n, el monte Buciero de Santo\u00f1a me recuerda al famoso rat\u00f3n de Getaria, de ah\u00ed el t\u00edtulo de la foto&#8230; Fue una entretenida tarde en compa\u00f1\u00eda de mis amigos Jes\u00fas y Jose en la zona de la Yesera. Mientras Jes\u00fas trat\u00f3 de encaramarse en lo m\u00e1s alto del monte y Jose se entreten\u00eda [&hellip;]<\/p>\n","protected":false},"author":1,"featured_media":0,"comment_status":"open","ping_status":"open","sticky":false,"template":"","format":"standard","meta":{"ngg_post_thumbnail":0,"footnotes":""},"categories":[6],"tags":[675,53,1051,55,1137,15,73,281,628,772,740,1140,1494,1085,87,1131,783,1141],"class_list":["post-2948","post","type-post","status-publish","format-standard","hentry","category-fotografia","tag-5d2","tag-andoni-lamborena","tag-buciero","tag-canon","tag-canonikos","tag-cantabria","tag-degradado-inverso","tag-filtro-degradado-inverso","tag-fotografia-paisaje","tag-hitech-inverso","tag-hitech-reverse","tag-la-yesera","tag-lamborena","tag-laredo","tag-reverse-grad","tag-reverse-grad-filter","tag-santona","tag-yesera","entry"],"_links":{"self":[{"href":"https:\/\/www.lamborena.com\/index.php?rest_route=\/wp\/v2\/posts\/2948","targetHints":{"allow":["GET"]}}],"collection":[{"href":"https:\/\/www.lamborena.com\/index.php?rest_route=\/wp\/v2\/posts"}],"about":[{"href":"https:\/\/www.lamborena.com\/index.php?rest_route=\/wp\/v2\/types\/post"}],"author":[{"embeddable":true,"href":"https:\/\/www.lamborena.com\/index.php?rest_route=\/wp\/v2\/users\/1"}],"replies":[{"embeddable":true,"href":"https:\/\/www.lamborena.com\/index.php?rest_route=%2Fwp%2Fv2%2Fcomments&post=2948"}],"version-history":[{"count":1,"href":"https:\/\/www.lamborena.com\/index.php?rest_route=\/wp\/v2\/posts\/2948\/revisions"}],"predecessor-version":[{"id":2949,"href":"https:\/\/www.lamborena.com\/index.php?rest_route=\/wp\/v2\/posts\/2948\/revisions\/2949"}],"wp:attachment":[{"href":"https:\/\/www.lamborena.com\/index.php?rest_route=%2Fwp%2Fv2%2Fmedia&parent=2948"}],"wp:term":[{"taxonomy":"category","embeddable":true,"href":"https:\/\/www.lamborena.com\/index.php?rest_route=%2Fwp%2Fv2%2Fcategories&post=2948"},{"taxonomy":"post_tag","embeddable":true,"href":"https:\/\/www.lamborena.com\/index.php?rest_route=%2Fwp%2Fv2%2Ftags&post=2948"}],"curies":[{"name":"wp","href":"https:\/\/api.w.org\/{rel}","templated":true}]}}