{"id":2950,"date":"2014-03-26T23:09:16","date_gmt":"2014-03-26T22:09:16","guid":{"rendered":"http:\/\/www.lamborena.com\/?p=2950"},"modified":"2014-03-26T23:09:16","modified_gmt":"2014-03-26T22:09:16","slug":"cae-el-sol-en-costa-quebrada","status":"publish","type":"post","link":"https:\/\/www.lamborena.com\/?p=2950","title":{"rendered":"Cae el sol en Costa Quebrada"},"content":{"rendered":"<p style=\"text-align: justify;\">Hoy os presento una serie de fotos de Costa Quebrada tomadas en compa\u00f1\u00eda de mis amigos Jose Ramos, I\u00f1aki Bolumburu y Jes\u00fas Bravo. Entre todas ellas hay un escaso lapso de tiempo y creo que la serie completa nos da una idea de la evoluci\u00f3n de la luz durante un atardecer. Recientemente os mostr\u00e9 un par de fotos de la costa de Muskiz en las que tambi\u00e9n hac\u00eda hincapi\u00e9 en este mismo factor.<\/p>\n<p style=\"text-align: justify;\">Empieza la serie con la foto titulada \u00abprimeros destellos\u00bb. Aqu\u00ed a\u00fan observamos un cielo exento de color, pero que ya empezaba a dar indicios de lo que llegar\u00eda despu\u00e9s.<\/p>\n<p style=\"text-align: center;\"><img loading=\"lazy\" decoding=\"async\" style=\"border: 2px solid black;\" alt=\"\" src=\"http:\/\/farm9.staticflickr.com\/8172\/7999861941_02a462e916_z.jpg\" width=\"640\" height=\"427\" \/><\/p>\n<p style=\"text-align: justify;\">Hoy no me voy a entretener con los datos t\u00e9cnicos de las fotos, pero os pod\u00e9is hacer una idea de ellos en cualquier otro post ya que casi siempre utilizo par\u00e1metros muy similares para este tipo de fotos. Diafragma muy cerrado, exposici\u00f3n generosa, iso bajo, tr\u00edpode, disparador remoto y nivel de burbuja son casi siempre denominador com\u00fan en mis fotos. A parte de eso, siempre hay alg\u00fan filtro de por medio, como por ejemplo el degradado inverso o el ND que son los m\u00e1s habituales.<\/p>\n<p style=\"text-align: justify;\">La segunda toma de la serie se llama \u00abUrrea iragartzen\u00bb que quiere decir algo as\u00ed como \u00abvaticinando el oro\u00bb&#8230; Quise con el t\u00edtulo hacer referencia a que ya en esta toma se barrunta con claridad que el color se acerca. Ese momento que tanto ansiamos cuando montamos el tr\u00edpode est\u00e1 llegando ya&#8230;<\/p>\n<p style=\"text-align: center;\"><img loading=\"lazy\" decoding=\"async\" style=\"border: 2px solid black;\" alt=\"\" src=\"http:\/\/farm9.staticflickr.com\/8306\/7905524942_1fb96c5b86_z.jpg\" width=\"640\" height=\"427\" \/><\/p>\n<p style=\"text-align: justify;\">Continuamos la serie con un disparo directo hacia el sol, un contraluz. Esta toma lleva por t\u00edtulo \u00abFortunate sunset\u00bb en clara alusi\u00f3n a lo afortunados que fuimos por poder disfrutar de un espect\u00e1culo de este calibre en vivo y en directo. Como pod\u00e9is observar, el sol est\u00e1 a punto de esconderse ya y nos ha dejado una parte superior del horizonte completamente te\u00f1ida de color. Los tonos crepusculares ya son m\u00e1s que evidentes aqu\u00ed.<\/p>\n<p style=\"text-align: center;\"><img loading=\"lazy\" decoding=\"async\" style=\"border: 2px solid black;\" alt=\"\" src=\"http:\/\/farm9.staticflickr.com\/8191\/8099287726_a1c30c62bf_z.jpg\" width=\"640\" height=\"427\" \/><\/p>\n<p style=\"text-align: justify;\">Pese a que tengo alguna otra toma de esta sesi\u00f3n por ah\u00ed guardada, vamos a concluir la serie con una \u00faltima toma disparada tambi\u00e9n a contraluz pero con la diferencia frente a la anterior de estar sacada con el sol ya oculto. Esta circunstancia nos facilita bastante la correcta exposici\u00f3n de la toma, la verdad. El encuadre que escog\u00ed para esta \u00faltima toma es uno de los que m\u00e1s me gusta realizar en esta localizaci\u00f3n. Es una gozada permanecer asomado a ese balc\u00f3n natural mientras escuchas el sonido del obturador abriendo y cerrando&#8230; Esta \u00faltima toma es la que ha dado t\u00edtulo al post. Se llama \u00abCae el sol\u00bb.<\/p>\n<p style=\"text-align: center;\"><img loading=\"lazy\" decoding=\"async\" style=\"border: 2px solid black;\" alt=\"\" src=\"http:\/\/farm9.staticflickr.com\/8284\/7878977084_e357fd78ab_z.jpg\" width=\"640\" height=\"427\" \/><\/p>\n<p style=\"text-align: justify;\">Espero que os haya gustado la serie. Tal vez alg\u00fan d\u00eda me ponga con el revelado de alguna m\u00e1s de aquella tarde. Cuando veo estas fotos tengo la sensaci\u00f3n de que ha sido el atardecer m\u00e1s bonito que he podido disfrutar en esta conocida zona. La he visitado much\u00edsimas veces, pero casi siempre con escasa fortuna en cuanto a luces se refiere. Eso s\u00ed, el mero hecho de poder admirar un paisaje de tal belleza es suficiente recompensa para mi. Laster arte!<\/p>\n<p style=\"text-align: justify;\">\n","protected":false},"excerpt":{"rendered":"<p>Hoy os presento una serie de fotos de Costa Quebrada tomadas en compa\u00f1\u00eda de mis amigos Jose Ramos, I\u00f1aki Bolumburu y Jes\u00fas Bravo. Entre todas ellas hay un escaso lapso de tiempo y creo que la serie completa nos da una idea de la evoluci\u00f3n de la luz durante un atardecer. Recientemente os mostr\u00e9 un [&hellip;]<\/p>\n","protected":false},"author":1,"featured_media":0,"comment_status":"open","ping_status":"open","sticky":false,"template":"","format":"standard","meta":{"ngg_post_thumbnail":0,"footnotes":""},"categories":[6],"tags":[675,53,55,701,1137,687,900,275,740,1494,1014,1023,91,685],"class_list":["post-2950","post","type-post","status-publish","format-standard","hentry","category-fotografia","tag-5d2","tag-andoni-lamborena","tag-canon","tag-canon-eos-5d-mark-2","tag-canonikos","tag-costa-quebrada","tag-feisol","tag-hitech","tag-hitech-reverse","tag-lamborena","tag-lee","tag-lee-proglass","tag-liencres","tag-los-urros","entry"],"_links":{"self":[{"href":"https:\/\/www.lamborena.com\/index.php?rest_route=\/wp\/v2\/posts\/2950","targetHints":{"allow":["GET"]}}],"collection":[{"href":"https:\/\/www.lamborena.com\/index.php?rest_route=\/wp\/v2\/posts"}],"about":[{"href":"https:\/\/www.lamborena.com\/index.php?rest_route=\/wp\/v2\/types\/post"}],"author":[{"embeddable":true,"href":"https:\/\/www.lamborena.com\/index.php?rest_route=\/wp\/v2\/users\/1"}],"replies":[{"embeddable":true,"href":"https:\/\/www.lamborena.com\/index.php?rest_route=%2Fwp%2Fv2%2Fcomments&post=2950"}],"version-history":[{"count":3,"href":"https:\/\/www.lamborena.com\/index.php?rest_route=\/wp\/v2\/posts\/2950\/revisions"}],"predecessor-version":[{"id":2953,"href":"https:\/\/www.lamborena.com\/index.php?rest_route=\/wp\/v2\/posts\/2950\/revisions\/2953"}],"wp:attachment":[{"href":"https:\/\/www.lamborena.com\/index.php?rest_route=%2Fwp%2Fv2%2Fmedia&parent=2950"}],"wp:term":[{"taxonomy":"category","embeddable":true,"href":"https:\/\/www.lamborena.com\/index.php?rest_route=%2Fwp%2Fv2%2Fcategories&post=2950"},{"taxonomy":"post_tag","embeddable":true,"href":"https:\/\/www.lamborena.com\/index.php?rest_route=%2Fwp%2Fv2%2Ftags&post=2950"}],"curies":[{"name":"wp","href":"https:\/\/api.w.org\/{rel}","templated":true}]}}