{"id":2955,"date":"2014-03-28T16:47:45","date_gmt":"2014-03-28T15:47:45","guid":{"rendered":"http:\/\/www.lamborena.com\/?p=2955"},"modified":"2014-03-28T16:47:45","modified_gmt":"2014-03-28T15:47:45","slug":"durmiendo-con-lobos-de-andoni-canela","status":"publish","type":"post","link":"https:\/\/www.lamborena.com\/?p=2955","title":{"rendered":"Durmiendo con lobos, de Andoni Canela"},"content":{"rendered":"<p style=\"text-align: justify;\">Casi desde mis inicios en el mundo de la fotograf\u00eda sigo a este m\u00e1s que reconocido fot\u00f3grafo navarro. Siempre se le ve embarcado en alguna aventura de esas que a cualquiera de nosotros nos gustar\u00eda vivir. Destacar\u00eda la pasi\u00f3n y el tes\u00f3n que le pone a su trabajo y que puede respirarse leyendo los textos que a modo de cr\u00f3nica suelen acompa\u00f1ar a sus fotos en diversas publicaciones o en las redes sociales.<\/p>\n<p style=\"text-align: justify;\">Hace un tiempo pude disfrutar de una ponencia sobre uno de sus \u00faltimos trabajos en un congreso de AEFONA. Se trataba de un reportaje sobre el \u00e1guila imperial. Me gust\u00f3 tanto la manera en que describ\u00eda su actividad que qued\u00e9 enganchado a sus actualizaciones en las redes sociales. Si antes de esto me limitaba a ver sus fotos, esta ponencia y presentaci\u00f3n de su trabajo marc\u00f3 un antes y un despu\u00e9s y desde entonces me considero fan absoluto de su forma de trabajar y de comunicar.<\/p>\n<p style=\"text-align: justify;\">Seguro que muchos de mis lectores le segu\u00eds en su actual proyecto<a href=\"http:\/\/www.lookingforthewild.com\" target=\"_blank\"> \u00abLooking for the wild\u00bb<\/a> en el que est\u00e1 recorriendo el planeta junto a su familia en busca de experiencias con fauna salvaje representativa de cada lugar que visita. Yo estoy enganchado, lo confieso. Si a\u00fan no lo segu\u00eds, pod\u00e9is hacerlo a trav\u00e9s del link o desde el RSS del men\u00fa lateral del blog.<\/p>\n<p style=\"text-align: justify;\">\u00abDurmiendo con lobos\u00bb ha supuesto el primer paso en este proyecto y se ha realizado en territorio espa\u00f1ol. El autor ha dedicado una cantidad importante de tiempo a este proyecto y sus seguidores hemos podido ir viendo los progresos del mismo en las redes sociales durante los \u00faltimos meses.<\/p>\n<p style=\"text-align: justify;\">Anoche me enter\u00e9 de que se ha iniciado una campa\u00f1a de <a href=\"http:\/\/www.verkami.com\/locale\/es\/projects\/8370-durmiendo-con-lobos\" target=\"_blank\">crowdfounding en Verkami<\/a> y sin pensarlo dos veces dej\u00e9 encargado mi ejemplar deseando que el libro llegue a editarse. Soy de los que piensan que merece la pena echar una mano para que algunos proyectos, como es el caso, vean la luz y tengan difusi\u00f3n. Ya lo he hecho en otras ocasiones y los resultados que han llegado a mis manos han sido satisfactorios&#8230; En esta ocasi\u00f3n, creo que el lobo, ese animal temido, querido, odiado, respetado, perseguido y protegido a partes desiguales puede ser el gran beneficiado de esta publicaci\u00f3n.<\/p>\n<p style=\"text-align: justify;\">Os dejo con un video que el propio Andoni Canela ha subido a youtube. A quien no se le erice el bello con los aullidos del final, que levante la mano&#8230;<\/p>\n<p style=\"text-align: center;\">\n<object width=\"560\" height=\"344\">\n<param name=\"movie\" value=\"http:\/\/www.youtube.com\/v\/pYzzIf7tHQ8?version=3&amp;theme=dark&amp;fs=1&amp;rel=0&amp;cc_load_policy=1&amp;iv_load_policy=3&amp;modestbranding=1\"><\/param>\n<param name=\"allowScriptAccess\" value=\"always\"><\/param>\n<param name=\"allowFullScreen\" value=\"true\"><\/param>\n<embed src=\"http:\/\/www.youtube.com\/v\/pYzzIf7tHQ8?version=3&amp;theme=dark&amp;fs=1&amp;rel=0&amp;cc_load_policy=1&amp;iv_load_policy=3&amp;modestbranding=1\" type=\"application\/x-shockwave-flash\" allowScriptAccess=\"always\" allowfullscreen=\"true\" width=\"560\" height=\"344\"><\/embed>\n<\/object>\n<\/p>\n","protected":false},"excerpt":{"rendered":"<p>Casi desde mis inicios en el mundo de la fotograf\u00eda sigo a este m\u00e1s que reconocido fot\u00f3grafo navarro. Siempre se le ve embarcado en alguna aventura de esas que a cualquiera de nosotros nos gustar\u00eda vivir. Destacar\u00eda la pasi\u00f3n y el tes\u00f3n que le pone a su trabajo y que puede respirarse leyendo los textos [&hellip;]<\/p>\n","protected":false},"author":1,"featured_media":0,"comment_status":"open","ping_status":"open","sticky":false,"template":"","format":"standard","meta":{"ngg_post_thumbnail":0,"footnotes":""},"categories":[6,1116],"tags":[1352,1354,1351,1494,1353],"class_list":["post-2955","post","type-post","status-publish","format-standard","hentry","category-fotografia","category-libros","tag-andoni-canela","tag-crowdfounding","tag-durmiendo-con-lobos","tag-lamborena","tag-verkami","entry"],"_links":{"self":[{"href":"https:\/\/www.lamborena.com\/index.php?rest_route=\/wp\/v2\/posts\/2955","targetHints":{"allow":["GET"]}}],"collection":[{"href":"https:\/\/www.lamborena.com\/index.php?rest_route=\/wp\/v2\/posts"}],"about":[{"href":"https:\/\/www.lamborena.com\/index.php?rest_route=\/wp\/v2\/types\/post"}],"author":[{"embeddable":true,"href":"https:\/\/www.lamborena.com\/index.php?rest_route=\/wp\/v2\/users\/1"}],"replies":[{"embeddable":true,"href":"https:\/\/www.lamborena.com\/index.php?rest_route=%2Fwp%2Fv2%2Fcomments&post=2955"}],"version-history":[{"count":6,"href":"https:\/\/www.lamborena.com\/index.php?rest_route=\/wp\/v2\/posts\/2955\/revisions"}],"predecessor-version":[{"id":2963,"href":"https:\/\/www.lamborena.com\/index.php?rest_route=\/wp\/v2\/posts\/2955\/revisions\/2963"}],"wp:attachment":[{"href":"https:\/\/www.lamborena.com\/index.php?rest_route=%2Fwp%2Fv2%2Fmedia&parent=2955"}],"wp:term":[{"taxonomy":"category","embeddable":true,"href":"https:\/\/www.lamborena.com\/index.php?rest_route=%2Fwp%2Fv2%2Fcategories&post=2955"},{"taxonomy":"post_tag","embeddable":true,"href":"https:\/\/www.lamborena.com\/index.php?rest_route=%2Fwp%2Fv2%2Ftags&post=2955"}],"curies":[{"name":"wp","href":"https:\/\/api.w.org\/{rel}","templated":true}]}}