{"id":299,"date":"2009-02-02T11:45:37","date_gmt":"2009-02-02T09:45:37","guid":{"rendered":"http:\/\/www.lamborena.com\/?p=299"},"modified":"2009-02-02T11:45:37","modified_gmt":"2009-02-02T09:45:37","slug":"urjauzi-txikia","status":"publish","type":"post","link":"https:\/\/www.lamborena.com\/?p=299","title":{"rendered":"Urjauzi txikia"},"content":{"rendered":"<p style=\"text-align: justify;\">Este peque\u00f1o salto de agua se encuentra escondido bajo el puente que hay sobre la cala de Aguasdulces en Kobaron.<\/p>\n<p style=\"text-align: justify;\">Ayer madrugu\u00e9 para intentar captar el amanecer en la cala de Aguasdulces pero al acercarme a la zona a eso de las 8 de la ma\u00f1ana el cielo no me convenci\u00f3 y decid\u00ed subir hasta Janeo un rato.<\/p>\n<p style=\"text-align: justify;\">En Janeo hice unas cuantas fotos pero ninguna me convence y ni siquiera me he puesto a procesarlas. Tras 15 minutos all\u00ed decid\u00ed volver a Itxaslur y bajar a la cascada de Aguasdulces a intentar alg\u00fan encuadre distinto a los del viernes.<\/p>\n<p style=\"text-align: justify;\">Mi gozo en un pozo: En la cala hab\u00eda varios pescadores y como iba con Kemen tem\u00ed por la integridad de sus bocatas, as\u00ed que decid\u00ed quedarme por la zona de arriba a buscar alg\u00fan detalle.<\/p>\n<p style=\"text-align: justify;\">La foto que os muestro es la que m\u00e1s me gusto de la jornada.<\/p>\n<p style=\"text-align: center;\"><img loading=\"lazy\" decoding=\"async\" style=\"border: black 2px solid;\" src=\"http:\/\/farm4.static.flickr.com\/3124\/3243858876_cc593c822e.jpg\" alt=\"\" width=\"500\" height=\"333\" \/><\/p>\n<p style=\"text-align: justify;\">Tengo alguna foto de la semana pasada pendiente de mostrar en el blog, as\u00ed que esta semana espero tener algo de tiempo para ir a\u00f1adiendolas. Bitartean, ondo izan!<\/p>\n","protected":false},"excerpt":{"rendered":"<p>Este peque\u00f1o salto de agua se encuentra escondido bajo el puente que hay sobre la cala de Aguasdulces en Kobaron. Ayer madrugu\u00e9 para intentar captar el amanecer en la cala de Aguasdulces pero al acercarme a la zona a eso de las 8 de la ma\u00f1ana el cielo no me convenci\u00f3 y decid\u00ed subir hasta [&hellip;]<\/p>\n","protected":false},"author":1,"featured_media":0,"comment_status":"open","ping_status":"open","sticky":false,"template":"","format":"standard","meta":{"ngg_post_thumbnail":0,"footnotes":""},"categories":[6],"tags":[52,59,51,57,50,1494,18,60,58],"class_list":["post-299","post","type-post","status-publish","format-standard","hentry","category-fotografia","tag-aguasdulces","tag-cascada","tag-cobaron","tag-itxaslur","tag-kobaron","tag-lamborena","tag-muskiz","tag-regato","tag-salto-de-agua","entry"],"_links":{"self":[{"href":"https:\/\/www.lamborena.com\/index.php?rest_route=\/wp\/v2\/posts\/299","targetHints":{"allow":["GET"]}}],"collection":[{"href":"https:\/\/www.lamborena.com\/index.php?rest_route=\/wp\/v2\/posts"}],"about":[{"href":"https:\/\/www.lamborena.com\/index.php?rest_route=\/wp\/v2\/types\/post"}],"author":[{"embeddable":true,"href":"https:\/\/www.lamborena.com\/index.php?rest_route=\/wp\/v2\/users\/1"}],"replies":[{"embeddable":true,"href":"https:\/\/www.lamborena.com\/index.php?rest_route=%2Fwp%2Fv2%2Fcomments&post=299"}],"version-history":[{"count":2,"href":"https:\/\/www.lamborena.com\/index.php?rest_route=\/wp\/v2\/posts\/299\/revisions"}],"predecessor-version":[{"id":301,"href":"https:\/\/www.lamborena.com\/index.php?rest_route=\/wp\/v2\/posts\/299\/revisions\/301"}],"wp:attachment":[{"href":"https:\/\/www.lamborena.com\/index.php?rest_route=%2Fwp%2Fv2%2Fmedia&parent=299"}],"wp:term":[{"taxonomy":"category","embeddable":true,"href":"https:\/\/www.lamborena.com\/index.php?rest_route=%2Fwp%2Fv2%2Fcategories&post=299"},{"taxonomy":"post_tag","embeddable":true,"href":"https:\/\/www.lamborena.com\/index.php?rest_route=%2Fwp%2Fv2%2Ftags&post=299"}],"curies":[{"name":"wp","href":"https:\/\/api.w.org\/{rel}","templated":true}]}}