{"id":3013,"date":"2014-05-12T14:30:32","date_gmt":"2014-05-12T13:30:32","guid":{"rendered":"http:\/\/www.lamborena.com\/?p=3013"},"modified":"2014-05-12T14:30:32","modified_gmt":"2014-05-12T13:30:32","slug":"after-the-storm","status":"publish","type":"post","link":"https:\/\/www.lamborena.com\/?p=3013","title":{"rendered":"After the storm"},"content":{"rendered":"<p style=\"text-align: justify;\">Una foto realizada en una \u00e9poca llena de mal fario tanto para mi como para alguno de mis amigos del mundo de la fotograf\u00eda es la protagonista de la entrada de hoy. En su d\u00eda se la dediqu\u00e9 a mi amigo Iban Pagalday en las redes sociales puesto que por aquel entonces parec\u00eda como si un tuerto nos hubiese mirado a los dos&#8230;<\/p>\n<p style=\"text-align: justify;\">La foto la realic\u00e9 en La Cercada, uno de mis lugares de culto por su cercan\u00eda a casa y por la belleza que desprende. Esta toma en concreto la realic\u00e9 al atardecer, con una bajamar de coeficiente alto y tras una tormenta con lo que me encontr\u00e9 muchas rocas a la vista y un cielo con una visibilidad excepcional.<\/p>\n<p style=\"text-align: justify;\">En lo puramente t\u00e9cnico es una foto que lleva aparejada cierta controversia, al igual que otras muchas que hago, pero creo que en este caso se acent\u00faa bastante. Me refiero al uso del polarizador circular en ella. Creo que en esta foto su aplicaci\u00f3n es mucho m\u00e1s est\u00e9tica que t\u00e9cnica y de ah\u00ed que decidiera mantenerlo puesto tras ver el resultado en el campo. Cierto es que su uso implica un da\u00f1o colateral a la toma puesto que desiguala en muchos aspectos las luces, pero creo que la carga est\u00e9tica que le a\u00f1ade ese plus de saturaci\u00f3n y de transparencia bien merece esos da\u00f1os colaterales de los que os hablo. Es mi opini\u00f3n personal, claro est\u00e1.<\/p>\n<p style=\"text-align: justify;\">A parte del polarizador tambi\u00e9n utilic\u00e9 un filtro degradado neutro y otro de densidad neutra. Todo ello con una abertura m\u00ednima para maximizar la profundidad de campo y con el equipo a buen recaudo sobre el tr\u00edpode.<\/p>\n<p style=\"text-align: justify;\">Os dejo con ella. Laster arte!<\/p>\n<p style=\"text-align: center;\"><img loading=\"lazy\" decoding=\"async\" style=\"border: 2px solid black;\" alt=\"\" src=\"https:\/\/farm9.staticflickr.com\/8170\/8018892731_6fa49ac725_z.jpg\" width=\"640\" height=\"427\" \/><\/p>\n","protected":false},"excerpt":{"rendered":"<p>Una foto realizada en una \u00e9poca llena de mal fario tanto para mi como para alguno de mis amigos del mundo de la fotograf\u00eda es la protagonista de la entrada de hoy. En su d\u00eda se la dediqu\u00e9 a mi amigo Iban Pagalday en las redes sociales puesto que por aquel entonces parec\u00eda como si [&hellip;]<\/p>\n","protected":false},"author":1,"featured_media":0,"comment_status":"open","ping_status":"open","sticky":false,"template":"","format":"standard","meta":{"ngg_post_thumbnail":0,"footnotes":""},"categories":[6],"tags":[53,8,19,55,1330,88,740,810,719,50,70,1494,18,129,138],"class_list":["post-3013","post","type-post","status-publish","format-standard","hentry","category-fotografia","tag-andoni-lamborena","tag-atardecer","tag-bizkaia","tag-canon","tag-covaron","tag-fotos-de-muskiz","tag-hitech-reverse","tag-hitech-reverse-grad","tag-inverso-hitech","tag-kobaron","tag-la-cercada","tag-lamborena","tag-muskiz","tag-muskizko-argazkiak","tag-muskizko-kostaldea","entry"],"_links":{"self":[{"href":"https:\/\/www.lamborena.com\/index.php?rest_route=\/wp\/v2\/posts\/3013","targetHints":{"allow":["GET"]}}],"collection":[{"href":"https:\/\/www.lamborena.com\/index.php?rest_route=\/wp\/v2\/posts"}],"about":[{"href":"https:\/\/www.lamborena.com\/index.php?rest_route=\/wp\/v2\/types\/post"}],"author":[{"embeddable":true,"href":"https:\/\/www.lamborena.com\/index.php?rest_route=\/wp\/v2\/users\/1"}],"replies":[{"embeddable":true,"href":"https:\/\/www.lamborena.com\/index.php?rest_route=%2Fwp%2Fv2%2Fcomments&post=3013"}],"version-history":[{"count":2,"href":"https:\/\/www.lamborena.com\/index.php?rest_route=\/wp\/v2\/posts\/3013\/revisions"}],"predecessor-version":[{"id":3015,"href":"https:\/\/www.lamborena.com\/index.php?rest_route=\/wp\/v2\/posts\/3013\/revisions\/3015"}],"wp:attachment":[{"href":"https:\/\/www.lamborena.com\/index.php?rest_route=%2Fwp%2Fv2%2Fmedia&parent=3013"}],"wp:term":[{"taxonomy":"category","embeddable":true,"href":"https:\/\/www.lamborena.com\/index.php?rest_route=%2Fwp%2Fv2%2Fcategories&post=3013"},{"taxonomy":"post_tag","embeddable":true,"href":"https:\/\/www.lamborena.com\/index.php?rest_route=%2Fwp%2Fv2%2Ftags&post=3013"}],"curies":[{"name":"wp","href":"https:\/\/api.w.org\/{rel}","templated":true}]}}