{"id":3036,"date":"2014-05-23T11:17:05","date_gmt":"2014-05-23T10:17:05","guid":{"rendered":"http:\/\/www.lamborena.com\/?p=3036"},"modified":"2014-05-23T11:17:05","modified_gmt":"2014-05-23T10:17:05","slug":"karrantzako-pagoa-haya-carranzana","status":"publish","type":"post","link":"https:\/\/www.lamborena.com\/?p=3036","title":{"rendered":"Karrantzako pagoa &#8211; Haya Carranzana"},"content":{"rendered":"<p style=\"text-align: justify;\">Pese a no encontrar hayas trasmochas en cantidad como en otros lugares de la orograf\u00eda vasca, el hayedo o hayal de Baljerri en Karrantza nos ofrece zonas fotogr\u00e1ficamente muy interesantes llenas de peque\u00f1as cascadas, plantas, tocones, etc&#8230;<\/p>\n<p style=\"text-align: justify;\">Es un lugar que a mi personalmente me encanta visitar y en el que me siento muy a gusto. Los que me segu\u00eds con asiduidad sab\u00e9is ya de mi predilecci\u00f3n y amor incondicional por Karrantza.<\/p>\n<p style=\"text-align: justify;\">La foto de hoy data de octubre de 2012 con el oto\u00f1o reci\u00e9n comenzado. Las hayas a\u00fan ten\u00edan hoja por aquel entonces y no hab\u00eda empezado a amarillear a\u00fan. En esta visita encontramos algo de niebla as\u00ed que no desaprovechamos la oportunidad que nos da este bello fen\u00f3meno y nos llevamos alguna que otra toma.<\/p>\n<p style=\"text-align: justify;\">En un alto encontr\u00e9 este ejemplar que enseguida llam\u00f3 mi atenci\u00f3n as\u00ed que me detuve a retratarlo de la mejor manera posible. Busqu\u00e9 un \u00e1ngulo desde el que pudiera captar la ligera niebla que nos acompa\u00f1aba. Para eso tuve que buscar un punto alto ya que la niebla estaba m\u00e1s baja que nosotros. Coloqu\u00e9 el tr\u00edpode y encuadr\u00e9 de tal forma que el tronco tuviera protagonismo y la ca\u00edda de las ramas nos fuera guiando hacia la niebla.<\/p>\n<p style=\"text-align: justify;\">Utilic\u00e9 el angular junto con el polarizador circular, imprescindible para mi gusto en este tipo de tomas. Tuve que subexponer 2\/3 de EV para no quemar la zona de niebla y tener un compromiso aceptable entre la iluminaci\u00f3n del tronco y las altas luces producidas por dicho elemento. La foto est\u00e1 tomada a 40mm de focal, con un diafragma de F8, un tiempo de exposici\u00f3n de 1&#8217;6 segundos e ISO100.<\/p>\n<p style=\"text-align: justify;\">Os dejo con ella. Feliz fin de semana. Laster arte!<\/p>\n<p><img loading=\"lazy\" decoding=\"async\" class=\"aligncenter\" style=\"border: 2px solid black;\" alt=\"\" src=\"https:\/\/farm9.staticflickr.com\/8046\/8079881917_a6592efb98_z.jpg\" width=\"640\" height=\"427\" \/><\/p>\n","protected":false},"excerpt":{"rendered":"<p>Pese a no encontrar hayas trasmochas en cantidad como en otros lugares de la orograf\u00eda vasca, el hayedo o hayal de Baljerri en Karrantza nos ofrece zonas fotogr\u00e1ficamente muy interesantes llenas de peque\u00f1as cascadas, plantas, tocones, etc&#8230; Es un lugar que a mi personalmente me encanta visitar y en el que me siento muy a [&hellip;]<\/p>\n","protected":false},"author":1,"featured_media":0,"comment_status":"open","ping_status":"open","sticky":false,"template":"","format":"standard","meta":{"ngg_post_thumbnail":0,"footnotes":""},"categories":[6],"tags":[53,1235,1236,55,900,1402,1401,1398,1397,1400,1399,536,538,1494,194],"class_list":["post-3036","post","type-post","status-publish","format-standard","hentry","category-fotografia","tag-andoni-lamborena","tag-balgerri","tag-baljerri","tag-canon","tag-feisol","tag-fotos-de-carranza","tag-fotos-de-karrantzam-carranza","tag-hayal-de-balgerri","tag-hayal-de-baljerri","tag-hayedo-balgerri","tag-hayedo-baljerri","tag-karrantza","tag-karrantza-harana","tag-lamborena","tag-polarizador","entry"],"_links":{"self":[{"href":"https:\/\/www.lamborena.com\/index.php?rest_route=\/wp\/v2\/posts\/3036","targetHints":{"allow":["GET"]}}],"collection":[{"href":"https:\/\/www.lamborena.com\/index.php?rest_route=\/wp\/v2\/posts"}],"about":[{"href":"https:\/\/www.lamborena.com\/index.php?rest_route=\/wp\/v2\/types\/post"}],"author":[{"embeddable":true,"href":"https:\/\/www.lamborena.com\/index.php?rest_route=\/wp\/v2\/users\/1"}],"replies":[{"embeddable":true,"href":"https:\/\/www.lamborena.com\/index.php?rest_route=%2Fwp%2Fv2%2Fcomments&post=3036"}],"version-history":[{"count":1,"href":"https:\/\/www.lamborena.com\/index.php?rest_route=\/wp\/v2\/posts\/3036\/revisions"}],"predecessor-version":[{"id":3039,"href":"https:\/\/www.lamborena.com\/index.php?rest_route=\/wp\/v2\/posts\/3036\/revisions\/3039"}],"wp:attachment":[{"href":"https:\/\/www.lamborena.com\/index.php?rest_route=%2Fwp%2Fv2%2Fmedia&parent=3036"}],"wp:term":[{"taxonomy":"category","embeddable":true,"href":"https:\/\/www.lamborena.com\/index.php?rest_route=%2Fwp%2Fv2%2Fcategories&post=3036"},{"taxonomy":"post_tag","embeddable":true,"href":"https:\/\/www.lamborena.com\/index.php?rest_route=%2Fwp%2Fv2%2Ftags&post=3036"}],"curies":[{"name":"wp","href":"https:\/\/api.w.org\/{rel}","templated":true}]}}