{"id":3058,"date":"2014-06-16T21:54:12","date_gmt":"2014-06-16T20:54:12","guid":{"rendered":"http:\/\/www.lamborena.com\/?p=3058"},"modified":"2014-06-16T21:54:12","modified_gmt":"2014-06-16T20:54:12","slug":"otono-en-soba","status":"publish","type":"post","link":"https:\/\/www.lamborena.com\/?p=3058","title":{"rendered":"Oto\u00f1o en Soba"},"content":{"rendered":"<p style=\"text-align: justify;\">Tras varios d\u00edas de descanso, hoy contin\u00fao con la serie realizada en Soba en oto\u00f1o de 2012. La foto de hoy la hice varios minutos despu\u00e9s de la anterior de la serie, tambi\u00e9n con el teleobjetivo y desplaz\u00e1ndome tan solo unos metros hacia el este.<\/p>\n<p style=\"text-align: justify;\">Los colores oto\u00f1ales tienen un indudable atractivo. Cuando est\u00e1n en su apogeo resultan como un im\u00e1n para los aficionados a la fotograf\u00eda. Un efecto similar producen en mi los muros de piedra t\u00edpicos de los paisajes de monta\u00f1a C\u00e1ntabros. Creo que la combinaci\u00f3n de ambos elementos tiene muchas posibilidades fotogr\u00e1ficas y as\u00ed trat\u00e9 de hacerlo ver con esta fotograf\u00eda.<\/p>\n<p style=\"text-align: justify;\">En el aspecto t\u00e9cnico, la foto es muy simple. 70-200-L de Canon con polarizador Rodenstock, tr\u00edpode y cuidar m\u00ednimamente la composici\u00f3n, no hay m\u00e1s. En el revelado corrijo el balance de blancos, a\u00f1ado 10% de saturaci\u00f3n, enfoque y listo.<\/p>\n<p style=\"text-align: justify;\">Os dejo con ella. Laster arte!<\/p>\n<p style=\"text-align: center;\"><img loading=\"lazy\" decoding=\"async\" style=\"border: 2px solid black;\" alt=\"\" src=\"https:\/\/farm9.staticflickr.com\/8185\/8147792556_abe4be9822_z.jpg\" width=\"640\" height=\"427\" \/><\/p>\n","protected":false},"excerpt":{"rendered":"<p>Tras varios d\u00edas de descanso, hoy contin\u00fao con la serie realizada en Soba en oto\u00f1o de 2012. La foto de hoy la hice varios minutos despu\u00e9s de la anterior de la serie, tambi\u00e9n con el teleobjetivo y desplaz\u00e1ndome tan solo unos metros hacia el este. Los colores oto\u00f1ales tienen un indudable atractivo. Cuando est\u00e1n en [&hellip;]<\/p>\n","protected":false},"author":1,"featured_media":0,"comment_status":"open","ping_status":"open","sticky":false,"template":"","format":"standard","meta":{"ngg_post_thumbnail":0,"footnotes":""},"categories":[6],"tags":[1411,1405,53,55,240,15,1494,194,450,1403],"class_list":["post-3058","post","type-post","status-publish","format-standard","hentry","category-fotografia","tag-70-200","tag-alto-ason","tag-andoni-lamborena","tag-canon","tag-canon-70-200-28-l","tag-cantabria","tag-lamborena","tag-polarizador","tag-rodenstock","tag-soba","entry"],"_links":{"self":[{"href":"https:\/\/www.lamborena.com\/index.php?rest_route=\/wp\/v2\/posts\/3058","targetHints":{"allow":["GET"]}}],"collection":[{"href":"https:\/\/www.lamborena.com\/index.php?rest_route=\/wp\/v2\/posts"}],"about":[{"href":"https:\/\/www.lamborena.com\/index.php?rest_route=\/wp\/v2\/types\/post"}],"author":[{"embeddable":true,"href":"https:\/\/www.lamborena.com\/index.php?rest_route=\/wp\/v2\/users\/1"}],"replies":[{"embeddable":true,"href":"https:\/\/www.lamborena.com\/index.php?rest_route=%2Fwp%2Fv2%2Fcomments&post=3058"}],"version-history":[{"count":1,"href":"https:\/\/www.lamborena.com\/index.php?rest_route=\/wp\/v2\/posts\/3058\/revisions"}],"predecessor-version":[{"id":3059,"href":"https:\/\/www.lamborena.com\/index.php?rest_route=\/wp\/v2\/posts\/3058\/revisions\/3059"}],"wp:attachment":[{"href":"https:\/\/www.lamborena.com\/index.php?rest_route=%2Fwp%2Fv2%2Fmedia&parent=3058"}],"wp:term":[{"taxonomy":"category","embeddable":true,"href":"https:\/\/www.lamborena.com\/index.php?rest_route=%2Fwp%2Fv2%2Fcategories&post=3058"},{"taxonomy":"post_tag","embeddable":true,"href":"https:\/\/www.lamborena.com\/index.php?rest_route=%2Fwp%2Fv2%2Ftags&post=3058"}],"curies":[{"name":"wp","href":"https:\/\/api.w.org\/{rel}","templated":true}]}}