{"id":3073,"date":"2014-07-10T23:37:45","date_gmt":"2014-07-10T22:37:45","guid":{"rendered":"http:\/\/www.lamborena.com\/?p=3073"},"modified":"2014-07-10T23:37:45","modified_gmt":"2014-07-10T22:37:45","slug":"rocas-de-la-juncosa","status":"publish","type":"post","link":"https:\/\/www.lamborena.com\/?p=3073","title":{"rendered":"Rocas de la Juncosa"},"content":{"rendered":"<p style=\"text-align: justify;\">Dejamos atr\u00e1s por unos d\u00edas las fotos oto\u00f1ales antiguas y paso a presentar hoy una toma marina, realizada en la costa de Muskiz, a escasos 5 minutos de casa. Ya he contado m\u00e1s veces que la cala \u00abLa Juncosa\u00bb es uno de mis lugares favoritos de fotograf\u00eda porque fue all\u00ed donde comenc\u00e9 a engancharme al paisaje y donde m\u00e1s horas e invertido en el aprendizaje de diversas t\u00e9cnicas para realizar este tipo de fotograf\u00eda.<\/p>\n<p style=\"text-align: justify;\">La foto de hoy la hice hace dos veranos, en agosto concretamente, una tarde de esas en las que la zona superior del horizonte se queda bastante gris y no permite que el cielo se ti\u00f1a por completo. Utilic\u00e9 el 17-40 a 22mm con un diafragma de F16 y 10 segundo de exposici\u00f3n a ISO50 para realizarla, utilizando un filtro de densidad neutra de tres pasos y un filtro degradado neutro de otros tres.<\/p>\n<p style=\"text-align: justify;\">En esta cala hay varias hileras de rocas que son muy caracter\u00edsticas del lugar. Las olas al pasar crean peque\u00f1as cascadas de agua que me resultan bastante vistosas y no son pocas las veces que me decido a retratarlas. En esta ocasi\u00f3n ubiqu\u00e9 esta hilera de rocas en la zona izquierda del encuadre con la intenci\u00f3n de que ejercieran como gu\u00eda para guiarnos la vista hasta el fondo de la fotograf\u00eda donde el monte Punta Lucero nos aguarda.<\/p>\n<p style=\"text-align: justify;\">Poco m\u00e1s me queda por contar. Os dejo con ella. Laster arte!<\/p>\n<p style=\"text-align: center;\"><img loading=\"lazy\" decoding=\"async\" style=\"border: 2px solid black;\" alt=\"\" src=\"https:\/\/farm9.staticflickr.com\/8058\/8203049502_0403b10e0e_z.jpg\" width=\"640\" height=\"427\" \/><\/p>\n","protected":false},"excerpt":{"rendered":"<p>Dejamos atr\u00e1s por unos d\u00edas las fotos oto\u00f1ales antiguas y paso a presentar hoy una toma marina, realizada en la costa de Muskiz, a escasos 5 minutos de casa. Ya he contado m\u00e1s veces que la cala \u00abLa Juncosa\u00bb es uno de mis lugares favoritos de fotograf\u00eda porque fue all\u00ed donde comenc\u00e9 a engancharme al [&hellip;]<\/p>\n","protected":false},"author":1,"featured_media":0,"comment_status":"open","ping_status":"open","sticky":false,"template":"","format":"standard","meta":{"ngg_post_thumbnail":0,"footnotes":""},"categories":[6],"tags":[747,673,53,19,55,1416,827,701,1330,1417,361,88,276,772,740,68,50,97,1494,18,129],"class_list":["post-3073","post","type-post","status-publish","format-standard","hentry","category-fotografia","tag-5d-mk-2","tag-5dmk2","tag-andoni-lamborena","tag-bizkaia","tag-canon","tag-canon-camara","tag-canon-eos","tag-canon-eos-5d-mark-2","tag-covaron","tag-eos-5d-mk2","tag-filtros-hitech","tag-fotos-de-muskiz","tag-hitech-filters","tag-hitech-inverso","tag-hitech-reverse","tag-itsaslur","tag-kobaron","tag-la-juncosa","tag-lamborena","tag-muskiz","tag-muskizko-argazkiak","entry"],"_links":{"self":[{"href":"https:\/\/www.lamborena.com\/index.php?rest_route=\/wp\/v2\/posts\/3073","targetHints":{"allow":["GET"]}}],"collection":[{"href":"https:\/\/www.lamborena.com\/index.php?rest_route=\/wp\/v2\/posts"}],"about":[{"href":"https:\/\/www.lamborena.com\/index.php?rest_route=\/wp\/v2\/types\/post"}],"author":[{"embeddable":true,"href":"https:\/\/www.lamborena.com\/index.php?rest_route=\/wp\/v2\/users\/1"}],"replies":[{"embeddable":true,"href":"https:\/\/www.lamborena.com\/index.php?rest_route=%2Fwp%2Fv2%2Fcomments&post=3073"}],"version-history":[{"count":1,"href":"https:\/\/www.lamborena.com\/index.php?rest_route=\/wp\/v2\/posts\/3073\/revisions"}],"predecessor-version":[{"id":3074,"href":"https:\/\/www.lamborena.com\/index.php?rest_route=\/wp\/v2\/posts\/3073\/revisions\/3074"}],"wp:attachment":[{"href":"https:\/\/www.lamborena.com\/index.php?rest_route=%2Fwp%2Fv2%2Fmedia&parent=3073"}],"wp:term":[{"taxonomy":"category","embeddable":true,"href":"https:\/\/www.lamborena.com\/index.php?rest_route=%2Fwp%2Fv2%2Fcategories&post=3073"},{"taxonomy":"post_tag","embeddable":true,"href":"https:\/\/www.lamborena.com\/index.php?rest_route=%2Fwp%2Fv2%2Ftags&post=3073"}],"curies":[{"name":"wp","href":"https:\/\/api.w.org\/{rel}","templated":true}]}}