{"id":3075,"date":"2014-07-14T17:24:27","date_gmt":"2014-07-14T16:24:27","guid":{"rendered":"http:\/\/www.lamborena.com\/?p=3075"},"modified":"2014-07-14T17:24:27","modified_gmt":"2014-07-14T16:24:27","slug":"balcon-de-karrantza","status":"publish","type":"post","link":"https:\/\/www.lamborena.com\/?p=3075","title":{"rendered":"Balc\u00f3n de Karrantza"},"content":{"rendered":"<p style=\"text-align: justify;\">A ninguno de los seguidores del blog le extra\u00f1ar\u00e1 a estas alturas ver fotos realizadas desde este lugar. Durante el oto\u00f1o e invierno de 2012 fueron innumerables ocasiones las que visit\u00e9 este precioso balc\u00f3n natural del Valle de Karrantza, generalmente al amanecer.<\/p>\n<p style=\"text-align: justify;\">A fuerza de repetir localizaci\u00f3n se consiguen los mejores resultados, pero precisamente las fotos que hoy os voy a presentar no son las que m\u00e1s me gustan de este enclave. Hay ocasiones en las que las condiciones clim\u00e1ticas o atmosf\u00e9ricas no acompa\u00f1an y la foto so\u00f1ada sigue siendo esquiva con nosotros&#8230; En otras ocasiones somos nosotros mismos con nuestras limitaciones los que no atinamos a resolver una foto como es debido. En este lugar me ha pasado de todo&#8230; Desde llevarme la foto deseada hasta marcharme tir\u00e1ndome de los pelos por errores cometidos. Las luces no se repiten, pero me queda el consuelo de que mi querido balc\u00f3n siempre va a estar all\u00ed para poder volver a \u00e9l.<\/p>\n<p style=\"text-align: justify;\">La primera foto es una toma vertical de uno de esos amaneceres insulsos, sin color&#8230;<\/p>\n<p style=\"text-align: center;\"><img loading=\"lazy\" decoding=\"async\" style=\"border: 2px solid black;\" alt=\"\" src=\"https:\/\/farm9.staticflickr.com\/8348\/8209594352_0e05cd17ba_z.jpg\" width=\"427\" height=\"640\" \/><\/p>\n<p style=\"text-align: justify;\">Ya que no pod\u00eda darle protagonismo especial al cielo, decid\u00ed darles una oportunidad a las formaciones rocosas sobre las que suelo plantar el tr\u00edpode. El resto del encuadre se lo reparten las monta\u00f1as del fondo, la pe\u00f1a Ranero y El Mazo (que alguien me corrija si me equivoco con los nombres), y el cielo gris. Un degradado de transici\u00f3n suave me ayudo a compensar el contraste entre zonas.<\/p>\n<p style=\"text-align: justify;\">La segunda toma la titul\u00e9 \u00abKarrantza sunrise\u00bb en alusi\u00f3n al momento y lugar. En esta ocasi\u00f3n s\u00ed que cogieron algo de color las nubes de fondo. En esta toma podemos observar desde el final de los montes de Mena hasta la zona de Los Tornos, Pe\u00f1a Lusa, etc, ya en terreno c\u00e1ntabro e incluso burgal\u00e9s. En esta ocasi\u00f3n ech\u00e9 en falta tener un gran teleobjetivo para poder aislar alguna de las monta\u00f1as de fondo con esos colores de cielo en contraste con la nieve, pero es algo que escapa de mis posibilidades. La \u00fanica soluci\u00f3n que tengo es ir m\u00e1s cerca!!<\/p>\n<p style=\"text-align: justify;\">Para esta segunda foto utilic\u00e9 un degradado neutro para compensar las altas luces del cielo. Era un d\u00eda sombr\u00edo as\u00ed que no result\u00f3 demasiado dif\u00edcil la tarea. Utilic\u00e9 en primer plano una roca que me encanta. Tiene una grieta muy caracter\u00edstica que me parece muy curiosa y me gusta intentar incluirla en las fotos.<\/p>\n<p style=\"text-align: justify;\">A pesar, como he dicho, de no ser ninguna de ellas parte de mis fotos favoritas de este lugar, les tengo cari\u00f1o y me apetece compartirlas en el blog.<\/p>\n<p style=\"text-align: justify;\">Os dejo con esta segunda toma.<\/p>\n<p style=\"text-align: center;\"><img loading=\"lazy\" decoding=\"async\" style=\"border: 2px solid black;\" alt=\"\" src=\"https:\/\/farm9.staticflickr.com\/8502\/8300755423_90ab7307c8_z.jpg\" width=\"640\" height=\"427\" \/><\/p>\n","protected":false},"excerpt":{"rendered":"<p>A ninguno de los seguidores del blog le extra\u00f1ar\u00e1 a estas alturas ver fotos realizadas desde este lugar. Durante el oto\u00f1o e invierno de 2012 fueron innumerables ocasiones las que visit\u00e9 este precioso balc\u00f3n natural del Valle de Karrantza, generalmente al amanecer. A fuerza de repetir localizaci\u00f3n se consiguen los mejores resultados, pero precisamente las [&hellip;]<\/p>\n","protected":false},"author":1,"featured_media":0,"comment_status":"open","ping_status":"open","sticky":false,"template":"","format":"standard","meta":{"ngg_post_thumbnail":0,"footnotes":""},"categories":[6],"tags":[793,675,53,1419,55,667,697,1418,1420,900,536,1494,1014,541,1206],"class_list":["post-3075","post","type-post","status-publish","format-standard","hentry","category-fotografia","tag-17-40","tag-5d2","tag-andoni-lamborena","tag-camara-canon","tag-canon","tag-canon-17-40","tag-canon-17-40-l","tag-canon-camera","tag-canon-eos-5d-mk2","tag-feisol","tag-karrantza","tag-lamborena","tag-lee","tag-valle-de-carranza","tag-valle-de-karrantza","entry"],"_links":{"self":[{"href":"https:\/\/www.lamborena.com\/index.php?rest_route=\/wp\/v2\/posts\/3075","targetHints":{"allow":["GET"]}}],"collection":[{"href":"https:\/\/www.lamborena.com\/index.php?rest_route=\/wp\/v2\/posts"}],"about":[{"href":"https:\/\/www.lamborena.com\/index.php?rest_route=\/wp\/v2\/types\/post"}],"author":[{"embeddable":true,"href":"https:\/\/www.lamborena.com\/index.php?rest_route=\/wp\/v2\/users\/1"}],"replies":[{"embeddable":true,"href":"https:\/\/www.lamborena.com\/index.php?rest_route=%2Fwp%2Fv2%2Fcomments&post=3075"}],"version-history":[{"count":2,"href":"https:\/\/www.lamborena.com\/index.php?rest_route=\/wp\/v2\/posts\/3075\/revisions"}],"predecessor-version":[{"id":3077,"href":"https:\/\/www.lamborena.com\/index.php?rest_route=\/wp\/v2\/posts\/3075\/revisions\/3077"}],"wp:attachment":[{"href":"https:\/\/www.lamborena.com\/index.php?rest_route=%2Fwp%2Fv2%2Fmedia&parent=3075"}],"wp:term":[{"taxonomy":"category","embeddable":true,"href":"https:\/\/www.lamborena.com\/index.php?rest_route=%2Fwp%2Fv2%2Fcategories&post=3075"},{"taxonomy":"post_tag","embeddable":true,"href":"https:\/\/www.lamborena.com\/index.php?rest_route=%2Fwp%2Fv2%2Ftags&post=3075"}],"curies":[{"name":"wp","href":"https:\/\/api.w.org\/{rel}","templated":true}]}}