{"id":3083,"date":"2014-07-20T00:40:09","date_gmt":"2014-07-19T23:40:09","guid":{"rendered":"http:\/\/www.lamborena.com\/?p=3083"},"modified":"2014-07-20T00:40:09","modified_gmt":"2014-07-19T23:40:09","slug":"juncosa-layers","status":"publish","type":"post","link":"https:\/\/www.lamborena.com\/?p=3083","title":{"rendered":"Juncosa layers"},"content":{"rendered":"<p style=\"text-align: justify;\">Una foto veraniega de La Juncosa ser\u00e1 la protagonista de este post de fin de semana. La hice en agosto de 2012 en esta peque\u00f1a cala de Muskiz y forma parte de una serie bastante amplia que a\u00fan no he terminado de presentar en el blog.<\/p>\n<p style=\"text-align: justify;\">Para esta foto me coloqu\u00e9 de tal manera que las formaciones t\u00edpicas de esta localizaci\u00f3n paralelas a la l\u00ednea de costa quedasen pr\u00f3ximas a mi posici\u00f3n y a poder ser sumergidas. El fondo con nubes con esa coloraci\u00f3n d\u00e9bil aderezado con el barco anclado en espera para entrar al puerto de Bilbao pusieron el resto para culminar la foto.<\/p>\n<p style=\"text-align: justify;\">La foto est\u00e1 tomada a 24mm, ISO100, F16 y tiene 15 segundos de exposici\u00f3n. Utilic\u00e9 un filtro degradado para compensar las luces sobre el horizonte y un filtro ND para prolongar la exposici\u00f3n. El tr\u00edpode, el nivel de burbuja y el disparador remoto fueron, como siempre, compa\u00f1eros indispensables.<\/p>\n<p style=\"text-align: justify;\">Os dejo con la foto. Feliz domingo. Laster arte!<\/p>\n<p style=\"text-align: center;\"><img loading=\"lazy\" decoding=\"async\" style=\"border: 2px solid black;\" alt=\"\" src=\"https:\/\/farm9.staticflickr.com\/8208\/8220680535_f4f53e6523_z.jpg\" width=\"640\" height=\"427\" \/><\/p>\n","protected":false},"excerpt":{"rendered":"<p>Una foto veraniega de La Juncosa ser\u00e1 la protagonista de este post de fin de semana. La hice en agosto de 2012 en esta peque\u00f1a cala de Muskiz y forma parte de una serie bastante amplia que a\u00fan no he terminado de presentar en el blog. Para esta foto me coloqu\u00e9 de tal manera que [&hellip;]<\/p>\n","protected":false},"author":1,"featured_media":0,"comment_status":"open","ping_status":"open","sticky":false,"template":"","format":"standard","meta":{"ngg_post_thumbnail":0,"footnotes":""},"categories":[6],"tags":[675,53,787,1419,55,827,1424,696,1330,1423,361,88,275,740,50,97,1494,18,129],"class_list":["post-3083","post","type-post","status-publish","format-standard","hentry","category-fotografia","tag-5d2","tag-andoni-lamborena","tag-cala-la-juncosa","tag-camara-canon","tag-canon","tag-canon-eos","tag-canon-eos-5d-2","tag-canon-eos-5d-mark-ii","tag-covaron","tag-equipo-canon","tag-filtros-hitech","tag-fotos-de-muskiz","tag-hitech","tag-hitech-reverse","tag-kobaron","tag-la-juncosa","tag-lamborena","tag-muskiz","tag-muskizko-argazkiak","entry"],"_links":{"self":[{"href":"https:\/\/www.lamborena.com\/index.php?rest_route=\/wp\/v2\/posts\/3083","targetHints":{"allow":["GET"]}}],"collection":[{"href":"https:\/\/www.lamborena.com\/index.php?rest_route=\/wp\/v2\/posts"}],"about":[{"href":"https:\/\/www.lamborena.com\/index.php?rest_route=\/wp\/v2\/types\/post"}],"author":[{"embeddable":true,"href":"https:\/\/www.lamborena.com\/index.php?rest_route=\/wp\/v2\/users\/1"}],"replies":[{"embeddable":true,"href":"https:\/\/www.lamborena.com\/index.php?rest_route=%2Fwp%2Fv2%2Fcomments&post=3083"}],"version-history":[{"count":1,"href":"https:\/\/www.lamborena.com\/index.php?rest_route=\/wp\/v2\/posts\/3083\/revisions"}],"predecessor-version":[{"id":3084,"href":"https:\/\/www.lamborena.com\/index.php?rest_route=\/wp\/v2\/posts\/3083\/revisions\/3084"}],"wp:attachment":[{"href":"https:\/\/www.lamborena.com\/index.php?rest_route=%2Fwp%2Fv2%2Fmedia&parent=3083"}],"wp:term":[{"taxonomy":"category","embeddable":true,"href":"https:\/\/www.lamborena.com\/index.php?rest_route=%2Fwp%2Fv2%2Fcategories&post=3083"},{"taxonomy":"post_tag","embeddable":true,"href":"https:\/\/www.lamborena.com\/index.php?rest_route=%2Fwp%2Fv2%2Ftags&post=3083"}],"curies":[{"name":"wp","href":"https:\/\/api.w.org\/{rel}","templated":true}]}}