{"id":3085,"date":"2014-07-21T16:00:16","date_gmt":"2014-07-21T15:00:16","guid":{"rendered":"http:\/\/www.lamborena.com\/?p=3085"},"modified":"2014-07-21T16:00:16","modified_gmt":"2014-07-21T15:00:16","slug":"autumn-sunrise","status":"publish","type":"post","link":"https:\/\/www.lamborena.com\/?p=3085","title":{"rendered":"Autumn sunrise"},"content":{"rendered":"<p style=\"text-align: justify;\">Continuamos con la serie iniciada la semana pasada realizada en oto\u00f1o de 2012 en Arribolas. Hoy le toca el turno a una de las fotos horizontales que realic\u00e9 aquella ma\u00f1ana de viento sur.<\/p>\n<p style=\"text-align: justify;\">Es una foto en la que trat\u00e9 de simplificar la composici\u00f3n buscando una cantidad reducida de elementos. Se trata de una localizaci\u00f3n en la que las rocas abundan as\u00ed que tuve que buscar durante unos momentos las que necesitaba para completar la foto. Una vez encontradas coloqu\u00e9 el tr\u00edpode de que las rocas elegidas fueran formando una especie de camino hacia el fondo de la toma, presidido una vez m\u00e1s por el cabo Ogo\u00f1o. Creo que los reflejos coloreados que encontr\u00e9 sobre la piedra m\u00e1s grande le dan un peque\u00f1o valor a\u00f1adido. La verdad es que es una delicia encontrar brillos como ese sobre las rocas h\u00famedas.<\/p>\n<p style=\"text-align: justify;\">La foto tiene 13 segundos de exposici\u00f3n a F16 e ISO100 compensando la exposici\u00f3n con un tercio de paso negativo. La focal elegida fue de 30mm. Como casi siempre, utilic\u00e9 un filtro ND de 3 pasos de cristal de la marca Lee y un degradado inverso de 3p pasos. Todo ello sobre la 5d Mark II y el 17-40 de Canon.<\/p>\n<p style=\"text-align: justify;\">Os dejo con la foto. Laster arte!<\/p>\n<p style=\"text-align: center;\"><img loading=\"lazy\" decoding=\"async\" style=\"border: 2px solid black;\" alt=\"\" src=\"https:\/\/farm9.staticflickr.com\/8488\/8223896579_aeded7a508_z.jpg\" width=\"640\" height=\"427\" \/><\/p>\n","protected":false},"excerpt":{"rendered":"<p>Continuamos con la serie iniciada la semana pasada realizada en oto\u00f1o de 2012 en Arribolas. Hoy le toca el turno a una de las fotos horizontales que realic\u00e9 aquella ma\u00f1ana de viento sur. Es una foto en la que trat\u00e9 de simplificar la composici\u00f3n buscando una cantidad reducida de elementos. Se trata de una localizaci\u00f3n [&hellip;]<\/p>\n","protected":false},"author":1,"featured_media":0,"comment_status":"open","ping_status":"open","sticky":false,"template":"","format":"standard","meta":{"ngg_post_thumbnail":0,"footnotes":""},"categories":[6],"tags":[53,1421,174,55,718,900,275,1494],"class_list":["post-3085","post","type-post","status-publish","format-standard","hentry","category-fotografia","tag-andoni-lamborena","tag-arribolas","tag-bermeo","tag-canon","tag-canon-5d-mk2","tag-feisol","tag-hitech","tag-lamborena","entry"],"_links":{"self":[{"href":"https:\/\/www.lamborena.com\/index.php?rest_route=\/wp\/v2\/posts\/3085","targetHints":{"allow":["GET"]}}],"collection":[{"href":"https:\/\/www.lamborena.com\/index.php?rest_route=\/wp\/v2\/posts"}],"about":[{"href":"https:\/\/www.lamborena.com\/index.php?rest_route=\/wp\/v2\/types\/post"}],"author":[{"embeddable":true,"href":"https:\/\/www.lamborena.com\/index.php?rest_route=\/wp\/v2\/users\/1"}],"replies":[{"embeddable":true,"href":"https:\/\/www.lamborena.com\/index.php?rest_route=%2Fwp%2Fv2%2Fcomments&post=3085"}],"version-history":[{"count":1,"href":"https:\/\/www.lamborena.com\/index.php?rest_route=\/wp\/v2\/posts\/3085\/revisions"}],"predecessor-version":[{"id":3086,"href":"https:\/\/www.lamborena.com\/index.php?rest_route=\/wp\/v2\/posts\/3085\/revisions\/3086"}],"wp:attachment":[{"href":"https:\/\/www.lamborena.com\/index.php?rest_route=%2Fwp%2Fv2%2Fmedia&parent=3085"}],"wp:term":[{"taxonomy":"category","embeddable":true,"href":"https:\/\/www.lamborena.com\/index.php?rest_route=%2Fwp%2Fv2%2Fcategories&post=3085"},{"taxonomy":"post_tag","embeddable":true,"href":"https:\/\/www.lamborena.com\/index.php?rest_route=%2Fwp%2Fv2%2Ftags&post=3085"}],"curies":[{"name":"wp","href":"https:\/\/api.w.org\/{rel}","templated":true}]}}