{"id":3112,"date":"2014-08-27T12:47:30","date_gmt":"2014-08-27T11:47:30","guid":{"rendered":"http:\/\/www.lamborena.com\/?p=3112"},"modified":"2014-08-27T12:47:30","modified_gmt":"2014-08-27T11:47:30","slug":"tide-is-coming-up","status":"publish","type":"post","link":"https:\/\/www.lamborena.com\/?p=3112","title":{"rendered":"Tide is coming up"},"content":{"rendered":"<p style=\"text-align: justify;\">Volvemos a las andadas en el blog en esta \u00e9poca del a\u00f1o en la que el tiempo libre empieza a escasear por todas las esquinas&#8230;<\/p>\n<p style=\"text-align: justify;\">Hoy os traigo una vieja foto de la cala Arribolas realizada en noviembre de 2012. Para esta toma jugu\u00e9 con tres piedras que estaban bastante cerca de la orilla d\u00e1ndoles un lugar importante en el encuadre para que a su vez nos guiaran la vista al resto de la toma. Para el fondo quedaron el cielo te\u00f1ido de naranja y el cabo Ogo\u00f1o con el sol empezando a despuntar.<\/p>\n<p style=\"text-align: justify;\">La foto la hice al amanecer, una ma\u00f1ana de viento sur, de ah\u00ed el naranja intenso y las zonas rojizas del cielo.<\/p>\n<p style=\"text-align: justify;\">Para esta toma busqu\u00e9 una exposici\u00f3n larga, pero no tan larga como acostumbro. Buscaba un tiempo de exposici\u00f3n que permitiera apreciar levemente las estelas que las olas produc\u00edan junto a las piedras. El tiempo escogido fue de 4 segundos. Como ten\u00eda montado el ND8 en el portafiltros junto al degradado inverso y esa combinaci\u00f3n me daba tiempos de exposici\u00f3n cercanos a los 10 segundos, opt\u00e9 por subir un paso el ISO hasta 200. Hab\u00eda otras soluciones, pero esta me pareci\u00f3 la m\u00e1s r\u00e1pida, sabiendo que la 5d Mk2 a ISO 200 a penas se resiente en calidad, y menos con un tiempo de exposici\u00f3n como el utilizado.<\/p>\n<p style=\"text-align: justify;\">El resto de par\u00e1metros, parecidos a los habituales: 23mm y F16. El equipo utilizado, a parte del ya mencionado, pues el habitual tambi\u00e9n: Tr\u00edpode, cable disparador, nivel de burbuja y el 17-40 de Canon.<\/p>\n<p style=\"text-align: justify;\">Os dejo con ella. Laster arte!<\/p>\n<p style=\"text-align: center;\"><img loading=\"lazy\" decoding=\"async\" style=\"border: 2px solid black;\" alt=\"\" src=\"https:\/\/farm9.staticflickr.com\/8193\/8391038566_af581e749f_z.jpg\" width=\"640\" height=\"427\" \/><\/p>\n","protected":false},"excerpt":{"rendered":"<p>Volvemos a las andadas en el blog en esta \u00e9poca del a\u00f1o en la que el tiempo libre empieza a escasear por todas las esquinas&#8230; Hoy os traigo una vieja foto de la cala Arribolas realizada en noviembre de 2012. Para esta toma jugu\u00e9 con tres piedras que estaban bastante cerca de la orilla d\u00e1ndoles [&hellip;]<\/p>\n","protected":false},"author":1,"featured_media":0,"comment_status":"open","ping_status":"open","sticky":false,"template":"","format":"standard","meta":{"ngg_post_thumbnail":0,"footnotes":""},"categories":[6],"tags":[53,1421,174,19,55,73,900,926,275,772,740,719,1494],"class_list":["post-3112","post","type-post","status-publish","format-standard","hentry","category-fotografia","tag-andoni-lamborena","tag-arribolas","tag-bermeo","tag-bizkaia","tag-canon","tag-degradado-inverso","tag-feisol","tag-feisol-tripod","tag-hitech","tag-hitech-inverso","tag-hitech-reverse","tag-inverso-hitech","tag-lamborena","entry"],"_links":{"self":[{"href":"https:\/\/www.lamborena.com\/index.php?rest_route=\/wp\/v2\/posts\/3112","targetHints":{"allow":["GET"]}}],"collection":[{"href":"https:\/\/www.lamborena.com\/index.php?rest_route=\/wp\/v2\/posts"}],"about":[{"href":"https:\/\/www.lamborena.com\/index.php?rest_route=\/wp\/v2\/types\/post"}],"author":[{"embeddable":true,"href":"https:\/\/www.lamborena.com\/index.php?rest_route=\/wp\/v2\/users\/1"}],"replies":[{"embeddable":true,"href":"https:\/\/www.lamborena.com\/index.php?rest_route=%2Fwp%2Fv2%2Fcomments&post=3112"}],"version-history":[{"count":5,"href":"https:\/\/www.lamborena.com\/index.php?rest_route=\/wp\/v2\/posts\/3112\/revisions"}],"predecessor-version":[{"id":3117,"href":"https:\/\/www.lamborena.com\/index.php?rest_route=\/wp\/v2\/posts\/3112\/revisions\/3117"}],"wp:attachment":[{"href":"https:\/\/www.lamborena.com\/index.php?rest_route=%2Fwp%2Fv2%2Fmedia&parent=3112"}],"wp:term":[{"taxonomy":"category","embeddable":true,"href":"https:\/\/www.lamborena.com\/index.php?rest_route=%2Fwp%2Fv2%2Fcategories&post=3112"},{"taxonomy":"post_tag","embeddable":true,"href":"https:\/\/www.lamborena.com\/index.php?rest_route=%2Fwp%2Fv2%2Ftags&post=3112"}],"curies":[{"name":"wp","href":"https:\/\/api.w.org\/{rel}","templated":true}]}}