{"id":3156,"date":"2014-10-07T11:45:21","date_gmt":"2014-10-07T10:45:21","guid":{"rendered":"http:\/\/www.lamborena.com\/?p=3156"},"modified":"2014-10-07T11:45:21","modified_gmt":"2014-10-07T10:45:21","slug":"sonabia-slow-motion","status":"publish","type":"post","link":"https:\/\/www.lamborena.com\/?p=3156","title":{"rendered":"Sonabia slow motion"},"content":{"rendered":"<p style=\"text-align: justify;\">Tengo fresco en la memoria el d\u00eda que hice esta foto en abril de 2013. Sufrimos un tiempo realmente desapacible aquella tarde, con vientos racheados de una intensidad bastante considerable y con la mar bastante revuelta. Debido a estas circunstancias tuve que buscar un lugar protegido para colocar el tr\u00edpode sin arriesgar demasiado. Recuerdo la fuerza de las olas de aquel d\u00eda como si fuera ahora&#8230;<\/p>\n<p style=\"text-align: justify;\">Una vez vistas las condiciones, decid\u00ed probar suerte con el Big Stopper de Lee con la intenci\u00f3n de que las nubes saliesen difuminadas en la foto por efecto de la larga exposici\u00f3n y su propio desplazamiento. La contrapartida de las largas exposiciones en casos de mucho oleaje suele ser la acumulaci\u00f3n de altas luces en la orilla del mar. Debido a la creaci\u00f3n de espuma y su color blanco, la zona donde rompen las olas y su trayecto de ida y vuelta hasta la costa suele iluminarse en exceso, pero afortunadamente en aquella ocasi\u00f3n pude controlar las luces y no llegaron a destrozar el histograma por la derecha.<\/p>\n<p style=\"text-align: justify;\">Coloqu\u00e9 la c\u00e1mara de tal forma que la punta del Cabo Cebollero quedase en una de las intersecciones de la regla de los tercios erigi\u00e9ndose as\u00ed en protagonista de la toma. En otra de las intersecciones qued\u00f3 el viejo pino caracter\u00edstico de este lugar, aunque esto es fruto de la casualidad ya que como comentaba, lo que yo buscaba era destacar la figura del cabo. Podemos decir que la situaci\u00f3n del pino en el encuadre es circunstancial y que solo se ve al analizar la foto a posteriori. Sobre cuestiones de composici\u00f3n como \u00e9sta podr\u00edamos debatir durante horas pero la verdad es que no me gusta filosofar gratuitamente sobre el asunto&#8230; Prefiero llamar a las cosas por su nombre, aunque no quede tan bien como una bonita parrafada explicativa.<\/p>\n<p style=\"text-align: justify;\">Tras 160 segundos de exposici\u00f3n a F11 e ISO100 con una focal de 17mm, este que os presento es el resultado de aquella captura.<\/p>\n<p style=\"text-align: justify;\">Os dejo con ella. Laster arte!<\/p>\n<p style=\"text-align: center;\"><img loading=\"lazy\" decoding=\"async\" style=\"border: 2px solid black;\" alt=\"\" src=\"https:\/\/farm9.staticflickr.com\/8241\/8650781039_2a5299cf92_z.jpg\" width=\"640\" height=\"427\" \/><\/p>\n<p style=\"text-align: justify;\">\n<p style=\"text-align: justify;\">\n","protected":false},"excerpt":{"rendered":"<p>Tengo fresco en la memoria el d\u00eda que hice esta foto en abril de 2013. Sufrimos un tiempo realmente desapacible aquella tarde, con vientos racheados de una intensidad bastante considerable y con la mar bastante revuelta. Debido a estas circunstancias tuve que buscar un lugar protegido para colocar el tr\u00edpode sin arriesgar demasiado. Recuerdo la [&hellip;]<\/p>\n","protected":false},"author":1,"featured_media":0,"comment_status":"open","ping_status":"open","sticky":false,"template":"","format":"standard","meta":{"ngg_post_thumbnail":0,"footnotes":""},"categories":[6],"tags":[53,1066,1083,15,584,275,740,1494,1014,130,1439],"class_list":["post-3156","post","type-post","status-publish","format-standard","hentry","category-fotografia","tag-andoni-lamborena","tag-big-stopper","tag-cabo-cebollero","tag-cantabria","tag-fotos-de-sonabia","tag-hitech","tag-hitech-reverse","tag-lamborena","tag-lee","tag-sonabia","tag-sonabia-cantabria","entry"],"_links":{"self":[{"href":"https:\/\/www.lamborena.com\/index.php?rest_route=\/wp\/v2\/posts\/3156","targetHints":{"allow":["GET"]}}],"collection":[{"href":"https:\/\/www.lamborena.com\/index.php?rest_route=\/wp\/v2\/posts"}],"about":[{"href":"https:\/\/www.lamborena.com\/index.php?rest_route=\/wp\/v2\/types\/post"}],"author":[{"embeddable":true,"href":"https:\/\/www.lamborena.com\/index.php?rest_route=\/wp\/v2\/users\/1"}],"replies":[{"embeddable":true,"href":"https:\/\/www.lamborena.com\/index.php?rest_route=%2Fwp%2Fv2%2Fcomments&post=3156"}],"version-history":[{"count":2,"href":"https:\/\/www.lamborena.com\/index.php?rest_route=\/wp\/v2\/posts\/3156\/revisions"}],"predecessor-version":[{"id":3158,"href":"https:\/\/www.lamborena.com\/index.php?rest_route=\/wp\/v2\/posts\/3156\/revisions\/3158"}],"wp:attachment":[{"href":"https:\/\/www.lamborena.com\/index.php?rest_route=%2Fwp%2Fv2%2Fmedia&parent=3156"}],"wp:term":[{"taxonomy":"category","embeddable":true,"href":"https:\/\/www.lamborena.com\/index.php?rest_route=%2Fwp%2Fv2%2Fcategories&post=3156"},{"taxonomy":"post_tag","embeddable":true,"href":"https:\/\/www.lamborena.com\/index.php?rest_route=%2Fwp%2Fv2%2Ftags&post=3156"}],"curies":[{"name":"wp","href":"https:\/\/api.w.org\/{rel}","templated":true}]}}