{"id":3168,"date":"2014-10-22T22:22:56","date_gmt":"2014-10-22T21:22:56","guid":{"rendered":"http:\/\/www.lamborena.com\/?p=3168"},"modified":"2014-10-22T22:35:48","modified_gmt":"2014-10-22T21:35:48","slug":"prueba-del-nuevo-canon-ef-16-35-f4-l-de-rafa-irusta","status":"publish","type":"post","link":"https:\/\/www.lamborena.com\/?p=3168","title":{"rendered":"Prueba del nuevo Canon EF 16-35 F4-L IS de Rafa Irusta"},"content":{"rendered":"<p style=\"text-align: justify;\">Desde que Canon anunciara tiempo atr\u00e1s este objetivo podemos decir que los aficionados a la fotograf\u00eda de paisaje, quien m\u00e1s quien menos, lo hemos mirado con buenos ojos y hemos tenido grandes expectativas puestas en \u00e9l&#8230;<\/p>\n<p style=\"text-align: justify;\">Ya con las primeras previews y reviews se fue viendo que esta lente pintaba muy bien as\u00ed que nuestros dientes han ido creciendo sin parar.<\/p>\n<p style=\"text-align: justify;\">La review que Rafa Irusta ha publicado hoy no hace sino confirmar esas expectativas y termina por convertir este objetivo en un ansiado objeto de deseo para los que utilizamos equipo Canon.<\/p>\n<p style=\"text-align: justify;\">Yo creo que les voy a empezar a escribir la carta a los Reyes&#8230; (clic sobre la imagen para ir a la prueba)<\/p>\n<p style=\"text-align: center;\"><a href=\"http:\/\/www.rafairusta.com\/blog\/2014\/10\/22\/probando-el-canon-ef-16-35mm-f4l-is\/comment-page-1\/#comment-15527\"><img loading=\"lazy\" decoding=\"async\" class=\"aligncenter  wp-image-3169\" alt=\"Prueba Canon 16-35 Rafa Irusta\" src=\"https:\/\/www.lamborena.com\/wp-content\/uploads\/2014\/10\/Portada-canon-16-35-blog1.jpg\" width=\"609\" height=\"406\" srcset=\"https:\/\/www.lamborena.com\/wp-content\/uploads\/2014\/10\/Portada-canon-16-35-blog1.jpg 870w, https:\/\/www.lamborena.com\/wp-content\/uploads\/2014\/10\/Portada-canon-16-35-blog1-300x200.jpg 300w\" sizes=\"auto, (max-width: 609px) 100vw, 609px\" \/><\/a><\/p>\n","protected":false},"excerpt":{"rendered":"<p>Desde que Canon anunciara tiempo atr\u00e1s este objetivo podemos decir que los aficionados a la fotograf\u00eda de paisaje, quien m\u00e1s quien menos, lo hemos mirado con buenos ojos y hemos tenido grandes expectativas puestas en \u00e9l&#8230; Ya con las primeras previews y reviews se fue viendo que esta lente pintaba muy bien as\u00ed que nuestros [&hellip;]<\/p>\n","protected":false},"author":1,"featured_media":0,"comment_status":"open","ping_status":"open","sticky":false,"template":"","format":"standard","meta":{"ngg_post_thumbnail":0,"footnotes":""},"categories":[29,6],"tags":[1447,1448,1454,1451,1452,1453,55,1442,1443,1457,1456,1444,1455,1445,1449,1458,1446,1037,1450],"class_list":["post-3168","post","type-post","status-publish","format-standard","hentry","category-compra-de-material-fotografico","category-fotografia","tag-16-35","tag-16-35-f4","tag-16-35-f4-l-is","tag-16-35-f4-l","tag-16-35-is","tag-16-35-l-is","tag-canon","tag-canon-16-35","tag-canon-16-35-f4","tag-canon-16-35-f4-is","tag-canon-16-35-is","tag-canon-ef-16-35-f4-l","tag-canon-ef-16-35-f4-l-is","tag-prueba-canon-16-35","tag-prueba-canon-16-35-rafa-irusta","tag-prueba-canon-16-36-f4-is","tag-prueba-canon-ef-16-35-f4-l","tag-rafa-irusta","tag-review-canon-16-35-f4","entry"],"_links":{"self":[{"href":"https:\/\/www.lamborena.com\/index.php?rest_route=\/wp\/v2\/posts\/3168","targetHints":{"allow":["GET"]}}],"collection":[{"href":"https:\/\/www.lamborena.com\/index.php?rest_route=\/wp\/v2\/posts"}],"about":[{"href":"https:\/\/www.lamborena.com\/index.php?rest_route=\/wp\/v2\/types\/post"}],"author":[{"embeddable":true,"href":"https:\/\/www.lamborena.com\/index.php?rest_route=\/wp\/v2\/users\/1"}],"replies":[{"embeddable":true,"href":"https:\/\/www.lamborena.com\/index.php?rest_route=%2Fwp%2Fv2%2Fcomments&post=3168"}],"version-history":[{"count":4,"href":"https:\/\/www.lamborena.com\/index.php?rest_route=\/wp\/v2\/posts\/3168\/revisions"}],"predecessor-version":[{"id":3171,"href":"https:\/\/www.lamborena.com\/index.php?rest_route=\/wp\/v2\/posts\/3168\/revisions\/3171"}],"wp:attachment":[{"href":"https:\/\/www.lamborena.com\/index.php?rest_route=%2Fwp%2Fv2%2Fmedia&parent=3168"}],"wp:term":[{"taxonomy":"category","embeddable":true,"href":"https:\/\/www.lamborena.com\/index.php?rest_route=%2Fwp%2Fv2%2Fcategories&post=3168"},{"taxonomy":"post_tag","embeddable":true,"href":"https:\/\/www.lamborena.com\/index.php?rest_route=%2Fwp%2Fv2%2Ftags&post=3168"}],"curies":[{"name":"wp","href":"https:\/\/api.w.org\/{rel}","templated":true}]}}