{"id":3212,"date":"2014-11-24T20:58:32","date_gmt":"2014-11-24T19:58:32","guid":{"rendered":"http:\/\/www.lamborena.com\/?p=3212"},"modified":"2014-11-24T20:58:32","modified_gmt":"2014-11-24T19:58:32","slug":"step-by-step","status":"publish","type":"post","link":"https:\/\/www.lamborena.com\/?p=3212","title":{"rendered":"Step by step"},"content":{"rendered":"<p style=\"text-align: justify;\">Paso a paso, d\u00eda a d\u00eda o incluso de a\u00f1o en a\u00f1o voy consiguiendo mejorar una toma que tengo en mente desde que empec\u00e9 a visitar con asiduidad la costa de Sonabia. Esta de hoy es una de las primeras versiones que he publicado con este encuadre, pero no es, ni mucho menos, la primera que hice. Tampoco la \u00faltima.<\/p>\n<p style=\"text-align: justify;\">He de reconocer que tengo este encuadre metido entre ceja y ceja y cada vez que voy y le veo posibilidades repito la foto&#8230; Tengo ya una buena colecci\u00f3n de ellas y tan solo alguna de las \u00faltimas que he realizado recientemente me gustan lo suficiente. No obstante, seguir\u00e9 perseverando a ver si consigo redondearla hasta que me llene del todo. Por falta de esfuerzo no va a ser&#8230;<\/p>\n<p style=\"text-align: justify;\">En aquella ocasi\u00f3n, all\u00e1 por mayo de 2013, el atardecer fue realmente intenso, de los que hacen que el color se extienda por todo alrededor. No pod\u00eda dejar escapar semejante oportunidad de tener las nubes coloreadas justo encima de \u00abLa ballena\u00bb as\u00ed que como de costumbre, repet\u00ed encuadre. Si me apur\u00e1is, seguro que hay marcas de las patas de acero del tr\u00edpode en las rocas&#8230;\u00a0 \ud83d\ude06<\/p>\n<p style=\"text-align: justify;\">Busqu\u00e9 un encuadre bastante cerrado en esta ocasi\u00f3n a 33mm de focal, coloqu\u00e9 los filtros de densidad neutra y degradado junto con el polarizador circular, seleccion\u00e9 el diafragma a F16 y despu\u00e9s de enfocar a escasa distancia de mi, apret\u00e9 el bot\u00f3n del obturador que se mantuvo abierto durante 15 segundos. El resultado es este que veis, con una ligera saturaci\u00f3n extra conseguida en Lightroom despu\u00e9s de realizar los ajustes convencionales de balance de blancos, correcci\u00f3n de lente, etc&#8230;<\/p>\n<p style=\"text-align: justify;\">Espero que os guste y sobre todo que no os aburr\u00e1is de ver este encuadre en mi galer\u00eda. A mi personalmente me encanta el encuadre, aunque como ya digo, esta no sea de las mejores fotos que tengo con el mismo. Os dejo con la foto. Laster arte!<\/p>\n<p style=\"text-align: center;\"><img loading=\"lazy\" decoding=\"async\" style=\"border: 2px solid black;\" alt=\"\" src=\"https:\/\/farm6.staticflickr.com\/5326\/8796359259_d2593b19b3_z.jpg\" width=\"640\" height=\"427\" \/><\/p>\n","protected":false},"excerpt":{"rendered":"<p>Paso a paso, d\u00eda a d\u00eda o incluso de a\u00f1o en a\u00f1o voy consiguiendo mejorar una toma que tengo en mente desde que empec\u00e9 a visitar con asiduidad la costa de Sonabia. Esta de hoy es una de las primeras versiones que he publicado con este encuadre, pero no es, ni mucho menos, la primera [&hellip;]<\/p>\n","protected":false},"author":1,"featured_media":0,"comment_status":"open","ping_status":"open","sticky":false,"template":"","format":"standard","meta":{"ngg_post_thumbnail":0,"footnotes":""},"categories":[6],"tags":[53,1083,55,693,900,926,361,275,276,1494,1023,1470,130,925],"class_list":["post-3212","post","type-post","status-publish","format-standard","hentry","category-fotografia","tag-andoni-lamborena","tag-cabo-cebollero","tag-canon","tag-canon-5d-mark-2","tag-feisol","tag-feisol-tripod","tag-filtros-hitech","tag-hitech","tag-hitech-filters","tag-lamborena","tag-lee-proglass","tag-posadero","tag-sonabia","tag-tripode-feisol","entry"],"_links":{"self":[{"href":"https:\/\/www.lamborena.com\/index.php?rest_route=\/wp\/v2\/posts\/3212","targetHints":{"allow":["GET"]}}],"collection":[{"href":"https:\/\/www.lamborena.com\/index.php?rest_route=\/wp\/v2\/posts"}],"about":[{"href":"https:\/\/www.lamborena.com\/index.php?rest_route=\/wp\/v2\/types\/post"}],"author":[{"embeddable":true,"href":"https:\/\/www.lamborena.com\/index.php?rest_route=\/wp\/v2\/users\/1"}],"replies":[{"embeddable":true,"href":"https:\/\/www.lamborena.com\/index.php?rest_route=%2Fwp%2Fv2%2Fcomments&post=3212"}],"version-history":[{"count":2,"href":"https:\/\/www.lamborena.com\/index.php?rest_route=\/wp\/v2\/posts\/3212\/revisions"}],"predecessor-version":[{"id":3214,"href":"https:\/\/www.lamborena.com\/index.php?rest_route=\/wp\/v2\/posts\/3212\/revisions\/3214"}],"wp:attachment":[{"href":"https:\/\/www.lamborena.com\/index.php?rest_route=%2Fwp%2Fv2%2Fmedia&parent=3212"}],"wp:term":[{"taxonomy":"category","embeddable":true,"href":"https:\/\/www.lamborena.com\/index.php?rest_route=%2Fwp%2Fv2%2Fcategories&post=3212"},{"taxonomy":"post_tag","embeddable":true,"href":"https:\/\/www.lamborena.com\/index.php?rest_route=%2Fwp%2Fv2%2Ftags&post=3212"}],"curies":[{"name":"wp","href":"https:\/\/api.w.org\/{rel}","templated":true}]}}