{"id":3219,"date":"2014-12-03T23:54:45","date_gmt":"2014-12-03T22:54:45","guid":{"rendered":"http:\/\/www.lamborena.com\/?p=3219"},"modified":"2014-12-03T23:54:45","modified_gmt":"2014-12-03T22:54:45","slug":"ultimas-luces-en-sonabia","status":"publish","type":"post","link":"https:\/\/www.lamborena.com\/?p=3219","title":{"rendered":"Ultimas luces en Sonabia"},"content":{"rendered":"<p style=\"text-align: justify;\">Esta toma pertenece a la misma serie que la anterior foto que os present\u00e9 en la \u00faltima entrada. Salta a la vista: Mismos motivos, mismos colores, mismas luces&#8230; Cambian el encuadre y formato.<\/p>\n<p style=\"text-align: justify;\">En el plano t\u00e9cnico podemos decir que sigue el patr\u00f3n de la anterior y de un alto porcentaje de mis fotos. Diafragma cerrado, larga exposici\u00f3n, ISO bajo y amplio campo de visi\u00f3n. Los par\u00e1metros exactos son: F16, ISO 50, 27mm y 25 segundos de exposici\u00f3n.<\/p>\n<p style=\"text-align: justify;\">Busqu\u00e9 una composici\u00f3n en la que la trayectoria del agua entrando y saliendo con el oleaje nos hiciera de gu\u00eda hacia el exterior. En el fondo, los colores del atardecer y las curiosas formas de las nubes cumplieron su misi\u00f3n de completar la foto. Sinceramente, me gusta m\u00e1s esta toma vertical que la anterior, aunque he de decir que ambas son de las que m\u00e1s me gustan entre mis fotos de estos dos \u00faltimos a\u00f1os. Ultimamente no dedico tanto tiempo como quisiera a la fotograf\u00eda y eso hace que la galer\u00eda se resienta. Cuanto menos se sale, menos posibilidades de encontrarse con luces y colores atractivos. Verdad de Perogrullo.<\/p>\n<p style=\"text-align: justify;\">Os dejo con la foto. Laster arte!<\/p>\n<p style=\"text-align: center;\"><img loading=\"lazy\" decoding=\"async\" style=\"border: 2px solid black;\" alt=\"\" src=\"https:\/\/farm8.staticflickr.com\/7409\/8816564182_6efa71f390_z.jpg\" width=\"427\" height=\"640\" \/><\/p>\n","protected":false},"excerpt":{"rendered":"<p>Esta toma pertenece a la misma serie que la anterior foto que os present\u00e9 en la \u00faltima entrada. Salta a la vista: Mismos motivos, mismos colores, mismas luces&#8230; Cambian el encuadre y formato. En el plano t\u00e9cnico podemos decir que sigue el patr\u00f3n de la anterior y de un alto porcentaje de mis fotos. Diafragma [&hellip;]<\/p>\n","protected":false},"author":1,"featured_media":0,"comment_status":"open","ping_status":"open","sticky":false,"template":"","format":"standard","meta":{"ngg_post_thumbnail":0,"footnotes":""},"categories":[6],"tags":[53,1051,1087,666,275,740,719,1494,86,130],"class_list":["post-3219","post","type-post","status-publish","format-standard","hentry","category-fotografia","tag-andoni-lamborena","tag-buciero","tag-cebollero","tag-foto-de-paisaje","tag-hitech","tag-hitech-reverse","tag-inverso-hitech","tag-lamborena","tag-paisaje-marino","tag-sonabia","entry"],"_links":{"self":[{"href":"https:\/\/www.lamborena.com\/index.php?rest_route=\/wp\/v2\/posts\/3219","targetHints":{"allow":["GET"]}}],"collection":[{"href":"https:\/\/www.lamborena.com\/index.php?rest_route=\/wp\/v2\/posts"}],"about":[{"href":"https:\/\/www.lamborena.com\/index.php?rest_route=\/wp\/v2\/types\/post"}],"author":[{"embeddable":true,"href":"https:\/\/www.lamborena.com\/index.php?rest_route=\/wp\/v2\/users\/1"}],"replies":[{"embeddable":true,"href":"https:\/\/www.lamborena.com\/index.php?rest_route=%2Fwp%2Fv2%2Fcomments&post=3219"}],"version-history":[{"count":2,"href":"https:\/\/www.lamborena.com\/index.php?rest_route=\/wp\/v2\/posts\/3219\/revisions"}],"predecessor-version":[{"id":3221,"href":"https:\/\/www.lamborena.com\/index.php?rest_route=\/wp\/v2\/posts\/3219\/revisions\/3221"}],"wp:attachment":[{"href":"https:\/\/www.lamborena.com\/index.php?rest_route=%2Fwp%2Fv2%2Fmedia&parent=3219"}],"wp:term":[{"taxonomy":"category","embeddable":true,"href":"https:\/\/www.lamborena.com\/index.php?rest_route=%2Fwp%2Fv2%2Fcategories&post=3219"},{"taxonomy":"post_tag","embeddable":true,"href":"https:\/\/www.lamborena.com\/index.php?rest_route=%2Fwp%2Fv2%2Ftags&post=3219"}],"curies":[{"name":"wp","href":"https:\/\/api.w.org\/{rel}","templated":true}]}}