{"id":3224,"date":"2014-12-15T20:35:10","date_gmt":"2014-12-15T19:35:10","guid":{"rendered":"http:\/\/www.lamborena.com\/?p=3224"},"modified":"2014-12-15T20:35:10","modified_gmt":"2014-12-15T19:35:10","slug":"march-sunrise-in-noja","status":"publish","type":"post","link":"https:\/\/www.lamborena.com\/?p=3224","title":{"rendered":"March sunrise in Noja"},"content":{"rendered":"<p style=\"text-align: justify;\">La pasada semana se celebr\u00f3 en Noja el Congreso anual de AEFONA, asociaci\u00f3n a la que pertenezco desde hace pocos a\u00f1os. No sal\u00ed ninguno de los d\u00edas a hacer fotos por la costa como estaba previsto, as\u00ed que me qued\u00e9 con un poco de pena&#8230; Hoy para resarcirme en la medida de lo posible, quiero traer al blog una foto vertical de la playa de Trengand\u00edn que tengo desde marzo de 2013, realizada durante un amanecer con viento sur.<\/p>\n<p style=\"text-align: justify;\">Recientemente he subido alguna foto m\u00e1s de aquella jornada, as\u00ed que no voy a tirar mucho de memoria para poner a los lectores en situaci\u00f3n&#8230; Solamente recordar que tuvimos mucha suerte con los colores en aquella ocasi\u00f3n y aunque dur\u00f3 muy poco, pudimos llevarnos alguna de esas tomas que cuando revelas tienes casi que quitar saturaci\u00f3n&#8230;<\/p>\n<p style=\"text-align: justify;\">Busqu\u00e9 una peque\u00f1a piedra de las caracter\u00edsticas de esta playa para ubicar en primer plano y poder completar una composici\u00f3n lo m\u00e1s limpia posible con el cielo de fondo, precedido por algunos otros elementos en forma de silueta. La elecci\u00f3n fue f\u00e1cil. Esta peque\u00f1a piedra que veis en la foto me dio el juego que buscaba.<\/p>\n<p style=\"text-align: justify;\">La foto la hice a 25mm de focal, f16, ISO50 y tiene 15 segundos de exposici\u00f3n. Es de las \u00faltimas de la jornada, cuando el color crepuscular estaba a punto de desaparecer del cielo. Utilic\u00e9 un ND de 3 pasos para prolongar la exposici\u00f3n y el degradado inverso de 3 para compensar la diferencia de luces entre la parte superior e inferior del horizonte.<\/p>\n<p style=\"text-align: justify;\">Poca m\u00e1s historia tiene, as\u00ed que os dejo con ella. Laster arte!<\/p>\n<p style=\"text-align: center;\"><img loading=\"lazy\" decoding=\"async\" style=\"border: 2px solid black;\" alt=\"\" src=\"https:\/\/farm6.staticflickr.com\/5325\/8826735602_2b1088819a_z.jpg\" width=\"427\" height=\"640\" \/><\/p>\n","protected":false},"excerpt":{"rendered":"<p>La pasada semana se celebr\u00f3 en Noja el Congreso anual de AEFONA, asociaci\u00f3n a la que pertenezco desde hace pocos a\u00f1os. No sal\u00ed ninguno de los d\u00edas a hacer fotos por la costa como estaba previsto, as\u00ed que me qued\u00e9 con un poco de pena&#8230; Hoy para resarcirme en la medida de lo posible, quiero [&hellip;]<\/p>\n","protected":false},"author":1,"featured_media":0,"comment_status":"open","ping_status":"open","sticky":false,"template":"","format":"standard","meta":{"ngg_post_thumbnail":0,"footnotes":""},"categories":[6],"tags":[1247,53,55,361,232,275,740,719,1494,1224,63,1227,1225],"class_list":["post-3224","post","type-post","status-publish","format-standard","hentry","category-fotografia","tag-aefona-2","tag-andoni-lamborena","tag-canon","tag-filtros-hitech","tag-fotografia-de-paisaje","tag-hitech","tag-hitech-reverse","tag-inverso-hitech","tag-lamborena","tag-noja","tag-paisaje","tag-playa-de-trengandin","tag-trengandin","entry"],"_links":{"self":[{"href":"https:\/\/www.lamborena.com\/index.php?rest_route=\/wp\/v2\/posts\/3224","targetHints":{"allow":["GET"]}}],"collection":[{"href":"https:\/\/www.lamborena.com\/index.php?rest_route=\/wp\/v2\/posts"}],"about":[{"href":"https:\/\/www.lamborena.com\/index.php?rest_route=\/wp\/v2\/types\/post"}],"author":[{"embeddable":true,"href":"https:\/\/www.lamborena.com\/index.php?rest_route=\/wp\/v2\/users\/1"}],"replies":[{"embeddable":true,"href":"https:\/\/www.lamborena.com\/index.php?rest_route=%2Fwp%2Fv2%2Fcomments&post=3224"}],"version-history":[{"count":1,"href":"https:\/\/www.lamborena.com\/index.php?rest_route=\/wp\/v2\/posts\/3224\/revisions"}],"predecessor-version":[{"id":3225,"href":"https:\/\/www.lamborena.com\/index.php?rest_route=\/wp\/v2\/posts\/3224\/revisions\/3225"}],"wp:attachment":[{"href":"https:\/\/www.lamborena.com\/index.php?rest_route=%2Fwp%2Fv2%2Fmedia&parent=3224"}],"wp:term":[{"taxonomy":"category","embeddable":true,"href":"https:\/\/www.lamborena.com\/index.php?rest_route=%2Fwp%2Fv2%2Fcategories&post=3224"},{"taxonomy":"post_tag","embeddable":true,"href":"https:\/\/www.lamborena.com\/index.php?rest_route=%2Fwp%2Fv2%2Ftags&post=3224"}],"curies":[{"name":"wp","href":"https:\/\/api.w.org\/{rel}","templated":true}]}}