{"id":3281,"date":"2015-07-15T15:29:35","date_gmt":"2015-07-15T14:29:35","guid":{"rendered":"http:\/\/www.lamborena.com\/?p=3281"},"modified":"2015-07-15T15:29:35","modified_gmt":"2015-07-15T14:29:35","slug":"joandakoen-txokoa-el-rincon-de-los-caidos","status":"publish","type":"post","link":"https:\/\/www.lamborena.com\/?p=3281","title":{"rendered":"Joandakoen txokoa &#8211; El rinc\u00f3n de los ca\u00eddos"},"content":{"rendered":"<p style=\"text-align: justify;\">El primer ca\u00eddo parezco yo&#8230; Tres meses sin tocar el blog. No recuerdo otro periodo de inactividad tan largo, pero lamentablemente las circunstancias me han obligado a ello. Ha sido un fin de curso muy duro y he tenido que tener tanto la fotograf\u00eda como el blog aparcados por completo. Espero poder volver a dedicarles a ambos la atenci\u00f3n que merecen&#8230;<\/p>\n<p style=\"text-align: justify;\">Hoy os traigo una foto de hace dos a\u00f1os, de junio de 2013, tomada en un conocido bosque de hayas del P.N. de Gorbea. Esta toma forma parte de una larga serie que realic\u00e9 aquella nublada ma\u00f1ana en compa\u00f1\u00eda de mi amigo Jose Ramos.<\/p>\n<p style=\"text-align: justify;\">Caminando por el bosque encontr\u00e9 una zona en la que hab\u00eda una haya bastante larga ca\u00edda. No ten\u00eda ninguna forma peculiar pero la forma en la que yac\u00eda sobre el suelo formando una larga l\u00ednea me llam\u00f3 la atenci\u00f3n y decid\u00ed dedicarle un retrato incluy\u00e9ndola dentro del ambiente m\u00edstico que nos otorgaba la niebla aquella ma\u00f1ana.<\/p>\n<p style=\"text-align: justify;\">La foto unicamente lleva filtro polarizador, nada m\u00e1s. La realic\u00e9 a F11, 31mm e ISO200 con un tiempo de exposici\u00f3n de 0&#8217;6 segundos. En el revelado, como siempre, balance de blancos, ligera saturaci\u00f3n y contraste de forma global y por \u00faltimo un poco de enfoque.<\/p>\n<p style=\"text-align: justify;\">Os dejo con ella. Laster arte!<\/p>\n<p style=\"text-align: center;\"><img loading=\"lazy\" decoding=\"async\" style=\"border: 2px solid black;\" alt=\"\" src=\"https:\/\/farm3.staticflickr.com\/2890\/9078554797_5338a21420.jpg\" width=\"500\" height=\"333\" \/><\/p>\n","protected":false},"excerpt":{"rendered":"<p>El primer ca\u00eddo parezco yo&#8230; Tres meses sin tocar el blog. No recuerdo otro periodo de inactividad tan largo, pero lamentablemente las circunstancias me han obligado a ello. Ha sido un fin de curso muy duro y he tenido que tener tanto la fotograf\u00eda como el blog aparcados por completo. Espero poder volver a dedicarles [&hellip;]<\/p>\n","protected":false},"author":1,"featured_media":0,"comment_status":"open","ping_status":"open","sticky":false,"template":"","format":"standard","meta":{"ngg_post_thumbnail":0,"footnotes":""},"categories":[6],"tags":[1345,19,1165,1488,1178,55,1487,578,577,1177,1485,581,1489,1490,1494,1167,1486,194],"class_list":["post-3281","post","type-post","status-publish","format-standard","hentry","category-fotografia","tag-belaustegi","tag-bizkaia","tag-bosque","tag-bosque-con-niebla","tag-bosque-de-hayas","tag-canon","tag-foto-con-niebla","tag-gorbea","tag-gorbeia","tag-haya","tag-hayas","tag-hayedo","tag-hayedo-con-niebla","tag-hayedo-niebla","tag-lamborena","tag-niebla","tag-orozko","tag-polarizador","entry"],"_links":{"self":[{"href":"https:\/\/www.lamborena.com\/index.php?rest_route=\/wp\/v2\/posts\/3281","targetHints":{"allow":["GET"]}}],"collection":[{"href":"https:\/\/www.lamborena.com\/index.php?rest_route=\/wp\/v2\/posts"}],"about":[{"href":"https:\/\/www.lamborena.com\/index.php?rest_route=\/wp\/v2\/types\/post"}],"author":[{"embeddable":true,"href":"https:\/\/www.lamborena.com\/index.php?rest_route=\/wp\/v2\/users\/1"}],"replies":[{"embeddable":true,"href":"https:\/\/www.lamborena.com\/index.php?rest_route=%2Fwp%2Fv2%2Fcomments&post=3281"}],"version-history":[{"count":2,"href":"https:\/\/www.lamborena.com\/index.php?rest_route=\/wp\/v2\/posts\/3281\/revisions"}],"predecessor-version":[{"id":3285,"href":"https:\/\/www.lamborena.com\/index.php?rest_route=\/wp\/v2\/posts\/3281\/revisions\/3285"}],"wp:attachment":[{"href":"https:\/\/www.lamborena.com\/index.php?rest_route=%2Fwp%2Fv2%2Fmedia&parent=3281"}],"wp:term":[{"taxonomy":"category","embeddable":true,"href":"https:\/\/www.lamborena.com\/index.php?rest_route=%2Fwp%2Fv2%2Fcategories&post=3281"},{"taxonomy":"post_tag","embeddable":true,"href":"https:\/\/www.lamborena.com\/index.php?rest_route=%2Fwp%2Fv2%2Ftags&post=3281"}],"curies":[{"name":"wp","href":"https:\/\/api.w.org\/{rel}","templated":true}]}}