{"id":3314,"date":"2015-11-13T16:39:29","date_gmt":"2015-11-13T15:39:29","guid":{"rendered":"http:\/\/www.lamborena.com\/?p=3314"},"modified":"2015-11-13T16:39:29","modified_gmt":"2015-11-13T15:39:29","slug":"el-posadero","status":"publish","type":"post","link":"https:\/\/www.lamborena.com\/?p=3314","title":{"rendered":"El posadero"},"content":{"rendered":"<p style=\"text-align: justify;\">Hoy tambi\u00e9n voy a aprovechar un texto previamente utilizado para presentar esta foto&#8230; En concreto un texto que utilic\u00e9 para presentarla en la revista \u00abCanonikos\u00bb.<\/p>\n<p style=\"text-align: justify;\">\u00abAs\u00ed es como los amigos de \u00abCanonikos\u00bb conocemos este lugar de la costa c\u00e1ntabra. Creo recordar que fue Jes\u00fas el que lo bautiz\u00f3 as\u00ed en una de las amenas charlas que solemos tener sobre nuestras localizaciones favoritas. Aquella tarde primaveral tuvimos la inmensa fortuna de encontrarnos un atardecer espectacular en la costa. La marea estaba subiendo, de manera que hab\u00eda que mantener los ojos bien abiertos porque en esta localizaci\u00f3n, un peque\u00f1o descuido puede resultar fatal. Alg\u00fan peque\u00f1o remoj\u00f3n nos llevamos, pero todo se compensa cuando descargas la tarjeta en casa y una sonrisa alegra tu cara en se\u00f1al de que te gusta lo que has tra\u00eddo en ella.\u00bb<\/p>\n<p style=\"text-align: justify;\">La foto la realic\u00e9 con la 5d Mark 2 y el 17-40 F4-L utilizando un filtro polarizador, un ND de 3 pasos y un degradado inverso de otros tres pasos.<\/p>\n<p style=\"text-align: justify;\">Os dejo con la foto. Laster arte!<\/p>\n<p style=\"text-align: center;\"><img loading=\"lazy\" decoding=\"async\" style=\"border: 2px solid black;\" alt=\"\" src=\"https:\/\/farm4.staticflickr.com\/3827\/9200252541_a67776b13f_z.jpg\" width=\"427\" height=\"640\" \/><\/p>\n<p>&nbsp;<\/p>\n","protected":false},"excerpt":{"rendered":"<p>Hoy tambi\u00e9n voy a aprovechar un texto previamente utilizado para presentar esta foto&#8230; En concreto un texto que utilic\u00e9 para presentarla en la revista \u00abCanonikos\u00bb. \u00abAs\u00ed es como los amigos de \u00abCanonikos\u00bb conocemos este lugar de la costa c\u00e1ntabra. Creo recordar que fue Jes\u00fas el que lo bautiz\u00f3 as\u00ed en una de las amenas charlas [&hellip;]<\/p>\n","protected":false},"author":1,"featured_media":0,"comment_status":"open","ping_status":"open","sticky":false,"template":"","format":"standard","meta":{"ngg_post_thumbnail":0,"footnotes":""},"categories":[6],"tags":[746,675,8,1051,55,15,275,740,1494,130],"class_list":["post-3314","post","type-post","status-publish","format-standard","hentry","category-fotografia","tag-5d-mark-2","tag-5d2","tag-atardecer","tag-buciero","tag-canon","tag-cantabria","tag-hitech","tag-hitech-reverse","tag-lamborena","tag-sonabia","entry"],"_links":{"self":[{"href":"https:\/\/www.lamborena.com\/index.php?rest_route=\/wp\/v2\/posts\/3314","targetHints":{"allow":["GET"]}}],"collection":[{"href":"https:\/\/www.lamborena.com\/index.php?rest_route=\/wp\/v2\/posts"}],"about":[{"href":"https:\/\/www.lamborena.com\/index.php?rest_route=\/wp\/v2\/types\/post"}],"author":[{"embeddable":true,"href":"https:\/\/www.lamborena.com\/index.php?rest_route=\/wp\/v2\/users\/1"}],"replies":[{"embeddable":true,"href":"https:\/\/www.lamborena.com\/index.php?rest_route=%2Fwp%2Fv2%2Fcomments&post=3314"}],"version-history":[{"count":1,"href":"https:\/\/www.lamborena.com\/index.php?rest_route=\/wp\/v2\/posts\/3314\/revisions"}],"predecessor-version":[{"id":3316,"href":"https:\/\/www.lamborena.com\/index.php?rest_route=\/wp\/v2\/posts\/3314\/revisions\/3316"}],"wp:attachment":[{"href":"https:\/\/www.lamborena.com\/index.php?rest_route=%2Fwp%2Fv2%2Fmedia&parent=3314"}],"wp:term":[{"taxonomy":"category","embeddable":true,"href":"https:\/\/www.lamborena.com\/index.php?rest_route=%2Fwp%2Fv2%2Fcategories&post=3314"},{"taxonomy":"post_tag","embeddable":true,"href":"https:\/\/www.lamborena.com\/index.php?rest_route=%2Fwp%2Fv2%2Ftags&post=3314"}],"curies":[{"name":"wp","href":"https:\/\/api.w.org\/{rel}","templated":true}]}}