{"id":3324,"date":"2016-04-05T11:51:18","date_gmt":"2016-04-05T10:51:18","guid":{"rendered":"http:\/\/www.lamborena.com\/?p=3324"},"modified":"2016-04-05T12:03:00","modified_gmt":"2016-04-05T11:03:00","slug":"zona-cero","status":"publish","type":"post","link":"https:\/\/www.lamborena.com\/?p=3324","title":{"rendered":"Zona cero"},"content":{"rendered":"<p style=\"text-align: justify;\">Creo que no podr\u00eda haber escogido mejor foto para representar la situaci\u00f3n actual tanto del blog como de mi trabajo fotogr\u00e1fico. El que mi \u00faltimo post sea de noviembre del a\u00f1o pasado debe de ser significativo, como tambi\u00e9n lo era la cadencia que llevaba en los meses anteriores&#8230; Circunstancias de la vida me han llevado a tener mi gran pasi\u00f3n casi en el olvido, con salidas mucho m\u00e1s espor\u00e1dicas de lo que me gustar\u00eda y la motivaci\u00f3n en muchas ocasiones cerca del suelo.<\/p>\n<p style=\"text-align: justify;\">Hoy me he encontrado con ganas de teclear algo, as\u00ed que antes de que se me fueran las ganas me he obligado a escribir un rato en el blog. He rele\u00eddo\u00a0el \u00faltimo post y he ido a buscar la siguiente foto que me corresponder\u00eda presentar seg\u00fan mi orden habitual. All\u00ed estaba \u00abZona cero\u00bb esperando, en forma de se\u00f1al&#8230; Una foto realizada en 2013 que representa una zona de bosque en la que se agolpaban restos de tiempos mejores y m\u00e1s fruct\u00edferos.<\/p>\n<p style=\"text-align: justify;\">Para su realizaci\u00f3n utilic\u00e9 el 17-40 de Canon junto a un polarizador circular. El ambiente nebuloso hizo el resto.<\/p>\n<p style=\"text-align: justify;\">Os dejo con ella. Espero que sea hasta pronto!<\/p>\n<p style=\"text-align: justify;\">\u00a0<img loading=\"lazy\" decoding=\"async\" class=\"aligncenter\" src=\"https:\/\/farm3.staticflickr.com\/2814\/9221468863_0341f14944_z.jpg\" alt=\"\" width=\"640\" height=\"427\" \/><\/p>\n","protected":false},"excerpt":{"rendered":"<p>Creo que no podr\u00eda haber escogido mejor foto para representar la situaci\u00f3n actual tanto del blog como de mi trabajo fotogr\u00e1fico. El que mi \u00faltimo post sea de noviembre del a\u00f1o pasado debe de ser significativo, como tambi\u00e9n lo era la cadencia que llevaba en los meses anteriores&#8230; Circunstancias de la vida me han llevado [&hellip;]<\/p>\n","protected":false},"author":1,"featured_media":0,"comment_status":"open","ping_status":"open","sticky":false,"template":"","format":"standard","meta":{"ngg_post_thumbnail":0,"footnotes":""},"categories":[6],"tags":[1345,1499,1500,1476,1498,1165,944,55,577,1497,946,947,1494,194],"class_list":["post-3324","post","type-post","status-publish","format-standard","hentry","category-fotografia","tag-belaustegi","tag-belaustegi-hayedo","tag-belaustegi-pagadi","tag-belaustegui","tag-belaustegui-hayedo","tag-bosque","tag-bosque-gorbea","tag-canon","tag-gorbeia","tag-gorbeia-pagadi","tag-hayedo-gorbea","tag-hayedo-gorbeia","tag-lamborena","tag-polarizador","entry"],"_links":{"self":[{"href":"https:\/\/www.lamborena.com\/index.php?rest_route=\/wp\/v2\/posts\/3324","targetHints":{"allow":["GET"]}}],"collection":[{"href":"https:\/\/www.lamborena.com\/index.php?rest_route=\/wp\/v2\/posts"}],"about":[{"href":"https:\/\/www.lamborena.com\/index.php?rest_route=\/wp\/v2\/types\/post"}],"author":[{"embeddable":true,"href":"https:\/\/www.lamborena.com\/index.php?rest_route=\/wp\/v2\/users\/1"}],"replies":[{"embeddable":true,"href":"https:\/\/www.lamborena.com\/index.php?rest_route=%2Fwp%2Fv2%2Fcomments&post=3324"}],"version-history":[{"count":4,"href":"https:\/\/www.lamborena.com\/index.php?rest_route=\/wp\/v2\/posts\/3324\/revisions"}],"predecessor-version":[{"id":3328,"href":"https:\/\/www.lamborena.com\/index.php?rest_route=\/wp\/v2\/posts\/3324\/revisions\/3328"}],"wp:attachment":[{"href":"https:\/\/www.lamborena.com\/index.php?rest_route=%2Fwp%2Fv2%2Fmedia&parent=3324"}],"wp:term":[{"taxonomy":"category","embeddable":true,"href":"https:\/\/www.lamborena.com\/index.php?rest_route=%2Fwp%2Fv2%2Fcategories&post=3324"},{"taxonomy":"post_tag","embeddable":true,"href":"https:\/\/www.lamborena.com\/index.php?rest_route=%2Fwp%2Fv2%2Ftags&post=3324"}],"curies":[{"name":"wp","href":"https:\/\/api.w.org\/{rel}","templated":true}]}}