{"id":3331,"date":"2016-05-23T10:05:31","date_gmt":"2016-05-23T09:05:31","guid":{"rendered":"http:\/\/www.lamborena.com\/?p=3331"},"modified":"2016-05-23T10:05:31","modified_gmt":"2016-05-23T09:05:31","slug":"tipica-tarde-veraniega","status":"publish","type":"post","link":"https:\/\/www.lamborena.com\/?p=3331","title":{"rendered":"T\u00edpica tarde veraniega"},"content":{"rendered":"<p style=\"text-align: justify;\">Esas tardes en las que sabes que el cielo no se va a portar eres perfectamente consciente de\u00a0que a las fotos que te vas a llevar les va a faltar un componente que normalmente aporta un plus de color y espectacularidad en la fotograf\u00eda de paisaje. Son d\u00edas en los que habitualmente te llevas fotos correctas que a\u00f1ades a tu galer\u00eda y \u00e9stas pasan sin pena ni gloria por la retina de tus visitantes. \u00a0Es el caso de la foto de hoy. Una foto a la que, pese a tener un primer plano potencialmente atractivo, la falta de \u00abpunch\u00bb del cielo penaliza en l\u00edneas generales.<\/p>\n<p style=\"text-align: justify;\">Ante situaciones como la descrita que, lamentablemente, se dan en muchas m\u00e1s ocasiones de las deseables caben varias posibilidades y est\u00e1 en nuestra mano tirar de repertorio para llevarnos algo pasable. Soy de los que piensa que no todas las fotos tienen que ser \u00abtop\u00bb pero creo que al menos deben de ofrecer algo, aunque entiendo que ese \u00abalgo\u00bb es muy distinto en funci\u00f3n del nivel fotogr\u00e1fico y de exigencia de cada cual. Sobre el repertorio a desplegar en estas ocasiones, cada cual tendr\u00e1 el suyo pero seguro que no var\u00eda mucho entre distintos fot\u00f3grafos&#8230; Habr\u00e1 quien se dedique a buscar encuadres sin cielo, jugar con la luz favorable, largas exposiciones y un largo etc\u00e9tera. Incluso habr\u00e1 quien ante un cielo insulso busque convertirlo en un compendio de colorines imposibles utilizando \u00abla t\u00e9cnica de fulanito\/a\u00bb. Todas las opciones son respetables.<\/p>\n<p style=\"text-align: justify;\">Mi opci\u00f3n personal es la de traerme la foto correcta y quedarme a gusto con lo obtenido con las condiciones reinantes.<\/p>\n<p style=\"text-align: justify;\">Un saludo.<\/p>\n<p><a title=\"T\u00edpica tarde veraniega\" href=\"https:\/\/www.flickr.com\/photos\/lamborena\/9238444181\/in\/dateposted-public\/\" data-flickr-embed=\"true\"><img loading=\"lazy\" decoding=\"async\" class=\"aligncenter\" src=\"https:\/\/farm6.staticflickr.com\/5479\/9238444181_a17d0afeef_z.jpg\" alt=\"T\u00edpica tarde veraniega\" width=\"640\" height=\"427\" \/><\/a><\/p>\n<p><script src=\"\/\/embedr.flickr.com\/assets\/client-code.js\" async=\"\" charset=\"utf-8\"><\/script>Canon EOS 5d MK-2, Canon EF 17-40 F4-L a 20mm, F16, ISO50 y 20 segundos de exposici\u00f3n. Filtro degradado inverso de 3 pasos y ND de 3 pasos. Julio de 2013. \u00a0 \u00a0 \u00a0 \u00a0 \u00a0\u00a0<script src=\"\/\/embedr.flickr.com\/assets\/client-code.js\" async=\"\" charset=\"utf-8\"><\/script><\/p>\n","protected":false},"excerpt":{"rendered":"<p>Esas tardes en las que sabes que el cielo no se va a portar eres perfectamente consciente de\u00a0que a las fotos que te vas a llevar les va a faltar un componente que normalmente aporta un plus de color y espectacularidad en la fotograf\u00eda de paisaje. Son d\u00edas en los que habitualmente te llevas fotos [&hellip;]<\/p>\n","protected":false},"author":1,"featured_media":0,"comment_status":"open","ping_status":"open","sticky":false,"template":"","format":"standard","meta":{"ngg_post_thumbnail":0,"footnotes":""},"categories":[6],"tags":[675,19,55,694,160,275,740,810,147,138,72],"class_list":["post-3331","post","type-post","status-publish","format-standard","hentry","category-fotografia","tag-5d2","tag-bizkaia","tag-canon","tag-canon-5d2","tag-el-lastron","tag-hitech","tag-hitech-reverse","tag-hitech-reverse-grad","tag-lastron","tag-muskizko-kostaldea","tag-zierbena","entry"],"_links":{"self":[{"href":"https:\/\/www.lamborena.com\/index.php?rest_route=\/wp\/v2\/posts\/3331","targetHints":{"allow":["GET"]}}],"collection":[{"href":"https:\/\/www.lamborena.com\/index.php?rest_route=\/wp\/v2\/posts"}],"about":[{"href":"https:\/\/www.lamborena.com\/index.php?rest_route=\/wp\/v2\/types\/post"}],"author":[{"embeddable":true,"href":"https:\/\/www.lamborena.com\/index.php?rest_route=\/wp\/v2\/users\/1"}],"replies":[{"embeddable":true,"href":"https:\/\/www.lamborena.com\/index.php?rest_route=%2Fwp%2Fv2%2Fcomments&post=3331"}],"version-history":[{"count":3,"href":"https:\/\/www.lamborena.com\/index.php?rest_route=\/wp\/v2\/posts\/3331\/revisions"}],"predecessor-version":[{"id":3334,"href":"https:\/\/www.lamborena.com\/index.php?rest_route=\/wp\/v2\/posts\/3331\/revisions\/3334"}],"wp:attachment":[{"href":"https:\/\/www.lamborena.com\/index.php?rest_route=%2Fwp%2Fv2%2Fmedia&parent=3331"}],"wp:term":[{"taxonomy":"category","embeddable":true,"href":"https:\/\/www.lamborena.com\/index.php?rest_route=%2Fwp%2Fv2%2Fcategories&post=3331"},{"taxonomy":"post_tag","embeddable":true,"href":"https:\/\/www.lamborena.com\/index.php?rest_route=%2Fwp%2Fv2%2Ftags&post=3331"}],"curies":[{"name":"wp","href":"https:\/\/api.w.org\/{rel}","templated":true}]}}