{"id":38,"date":"2008-07-29T23:02:01","date_gmt":"2008-07-29T21:02:01","guid":{"rendered":"http:\/\/www.lamborena.com\/?p=38"},"modified":"2011-03-14T11:30:28","modified_gmt":"2011-03-14T10:30:28","slug":"visita-al-pico-cerredo-cantabria","status":"publish","type":"post","link":"https:\/\/www.lamborena.com\/?p=38","title":{"rendered":"Visita al Pico Cerredo, Cantabria"},"content":{"rendered":"<p style=\"text-align: left;\"><span style=\"font-size: 9pt; color: #232323; font-family: Arial; mso-fareast-font-family: 'Times New Roman'; mso-ansi-language: EN-GB; mso-fareast-language: ES; mso-bidi-language: AR-SA;\" lang=\"EN-GB\"><img loading=\"lazy\" decoding=\"async\" class=\"alignleft\" style=\"border: black 2px solid;\" src=\"http:\/\/farm4.static.flickr.com\/3032\/2713823879_e2d379f3af.jpg\" alt=\"\" width=\"333\" height=\"500\" \/><\/span><\/p>\n<p style=\"text-align: justify;\">Nada mejor para celebrar el cumplea\u00f1os que una breve pero intensa salida fotogr\u00e1fica.<\/p>\n<p style=\"text-align: justify;\">El pasado domingo a eso de las 19:30 salimos de casa con intenci\u00f3n de subir al pico Cerredo, algo que ten\u00eda pendiente desde hace unos meses&#8230; Me acompa\u00f1aron Aintzane, Koldo, Aimar y Yako, el incansable Golden Retriever de Aintza y Koldo.<\/p>\n<p style=\"text-align: justify;\">Tras alrededor de cuarenta minutos de ascensi\u00f3n desde donde dejamos el coche llegamos a la cumbre\u00a0y me qued\u00e9 anonadado con las maravillosas vistas que pude contemplar desde all\u00ed. Una pena el que no hubiese una visibilidad total. El horizonte no se distingu\u00eda por el mar.<\/p>\n<p style=\"text-align: justify;\">Una vez montado el equipo me puse manos a la obra para inmortalizar el lugar. He de decir que tuve m\u00e1s dificultades t\u00e9cnicas de lo esperado. No volv\u00ed nada satisfecho de como me desenvolv\u00ed en la situaci\u00f3n de dificultad t\u00e9cnica. Situaciones de este tipo son las que\u00a0me recuerdan con frecuencia lo mucho que me falta por aprender en este mundo de la fotograf\u00eda.<\/p>\n<p style=\"text-align: justify;\">No fu\u00ed capaz de atinar por completo con la exposici\u00f3n de cara al sol. Termin\u00e9 utilizando el bracketing y es algo que no me gusta porque luego no domino la fusi\u00f3n de las im\u00e1genes obtenidas. En fin&#8230; Otra cuesti\u00f3n m\u00e1s para aprender&#8230;<\/p>\n<p style=\"text-align: justify;\">A\u00fan sigo trabajando en las fotos que me traje de all\u00ed, sobre todo en una panor\u00e1mica que espero poder ense\u00f1ar alg\u00fan d\u00eda, pero hoy quiero presentaros estas tres fotos que de momento se han salvado de la quema. Estoy bastante satisfecho con ellas pero les veo bastantes puntos a mejorar. Dos de ellas est\u00e1n tomadas con el Sigma 10-20 y la otra con el Canon 70-200.<\/p>\n<p style=\"text-align: justify;\">Me queda pendiente volver a este impresionante lugar con m\u00e1s tiempo y sin prisa para bajar. Es importante\u00a0descender con mucho cuidado puesto que hay varias zonas algo peligrosas si se baja con prisa y con la hierba mojada&#8230; Imprescindible una linterna por si se echa la noche para poder seguir las marcas amarillas que indican el recorrido.<\/p>\n<p style=\"text-align: center;\"><img loading=\"lazy\" decoding=\"async\" class=\"aligncenter\" style=\"border: black 2px solid;\" src=\"http:\/\/farm4.static.flickr.com\/3026\/2711192135_8f2639986b.jpg\" alt=\"\" width=\"500\" height=\"333\" \/><\/p>\n<p style=\"text-align: center;\">&nbsp;<\/p>\n<p style=\"text-align: center;\"><img loading=\"lazy\" decoding=\"async\" style=\"border: black 2px solid;\" src=\"http:\/\/farm4.static.flickr.com\/3196\/2711937230_fe39141a7f.jpg\" alt=\"\" width=\"500\" height=\"333\" \/><\/p>\n<p style=\"text-align: justify;\">P.D. El pueblo que se ve en la \u00faltima es Castro.<\/p>\n<p style=\"text-align: left;\">&nbsp;<\/p>\n","protected":false},"excerpt":{"rendered":"<p>Nada mejor para celebrar el cumplea\u00f1os que una breve pero intensa salida fotogr\u00e1fica. El pasado domingo a eso de las 19:30 salimos de casa con intenci\u00f3n de subir al pico Cerredo, algo que ten\u00eda pendiente desde hace unos meses&#8230; Me acompa\u00f1aron Aintzane, Koldo, Aimar y Yako, el incansable Golden Retriever de Aintza y Koldo. Tras [&hellip;]<\/p>\n","protected":false},"author":1,"featured_media":0,"comment_status":"open","ping_status":"open","sticky":false,"template":"","format":"standard","meta":{"ngg_post_thumbnail":0,"footnotes":""},"categories":[6],"tags":[],"class_list":["post-38","post","type-post","status-publish","format-standard","hentry","category-fotografia","entry"],"_links":{"self":[{"href":"https:\/\/www.lamborena.com\/index.php?rest_route=\/wp\/v2\/posts\/38","targetHints":{"allow":["GET"]}}],"collection":[{"href":"https:\/\/www.lamborena.com\/index.php?rest_route=\/wp\/v2\/posts"}],"about":[{"href":"https:\/\/www.lamborena.com\/index.php?rest_route=\/wp\/v2\/types\/post"}],"author":[{"embeddable":true,"href":"https:\/\/www.lamborena.com\/index.php?rest_route=\/wp\/v2\/users\/1"}],"replies":[{"embeddable":true,"href":"https:\/\/www.lamborena.com\/index.php?rest_route=%2Fwp%2Fv2%2Fcomments&post=38"}],"version-history":[{"count":1,"href":"https:\/\/www.lamborena.com\/index.php?rest_route=\/wp\/v2\/posts\/38\/revisions"}],"predecessor-version":[{"id":1863,"href":"https:\/\/www.lamborena.com\/index.php?rest_route=\/wp\/v2\/posts\/38\/revisions\/1863"}],"wp:attachment":[{"href":"https:\/\/www.lamborena.com\/index.php?rest_route=%2Fwp%2Fv2%2Fmedia&parent=38"}],"wp:term":[{"taxonomy":"category","embeddable":true,"href":"https:\/\/www.lamborena.com\/index.php?rest_route=%2Fwp%2Fv2%2Fcategories&post=38"},{"taxonomy":"post_tag","embeddable":true,"href":"https:\/\/www.lamborena.com\/index.php?rest_route=%2Fwp%2Fv2%2Ftags&post=38"}],"curies":[{"name":"wp","href":"https:\/\/api.w.org\/{rel}","templated":true}]}}