{"id":393,"date":"2009-05-01T12:27:44","date_gmt":"2009-05-01T10:27:44","guid":{"rendered":"http:\/\/www.lamborena.com\/?p=393"},"modified":"2009-05-01T12:27:44","modified_gmt":"2009-05-01T10:27:44","slug":"otra-de-sonabia","status":"publish","type":"post","link":"https:\/\/www.lamborena.com\/?p=393","title":{"rendered":"Otra de Sonabia"},"content":{"rendered":"<p style=\"text-align: justify;\">Hoy le toca el turno a una horizontal de Sonabia. A diferencia de la vertical que os present\u00e9 hace unos d\u00edas, \u00e9sta no lleva el filtro azul en el cielo, pero s\u00ed que lleva un filtro para acentuar los colores fr\u00edos.<\/p>\n<p style=\"text-align: justify;\">Hay algo en ella que no termina de convencerme, pero a\u00fan as\u00ed, me gusta como ha quedado. Tengo claro que hay que volver a este lugar porque le vi muchas posibilidades. Ma\u00f1ana tengo oportunidad de ir con <a href=\"http:\/\/arkaitzmorales.blogspot.com\/\" target=\"_blank\">Arkaitz<\/a> al amanecer pero creo que al final me ir\u00e9 hasta Olite a saludar a <a href=\"http:\/\/www.txintxu.blogspot.com\" target=\"_blank\">Joserra<\/a>, a <a href=\"http:\/\/carloscastillo.enfocando.info\/blog2\/\" target=\"_blank\">Carlos<\/a> y a <a href=\"http:\/\/www.flickr.com\/photos\/murquinr\/\" target=\"_blank\">Patricia<\/a>. Habr\u00e1 que ver como se presenta la jornada&#8230; Mira que me tienta ese amanecer en Sonabia, \u00a1madre m\u00eda!<\/p>\n<p style=\"text-align: justify;\">En fin&#8230; Os dejo con la foto porque si no, me voy a poner a divagar de un momento a otro. Para este fin de semana espero poner una nueva toma de La Cercada que hice el martes. Me gustar\u00eda tener tiempo para poder escribir porque tengo alguna cosilla m\u00e1s para contar. Hasta pronto.<\/p>\n<p style=\"text-align: center;\"><img decoding=\"async\" style=\"border: 2px solid black;\" src=\"http:\/\/farm4.static.flickr.com\/3303\/3477079247_b9f757a801.jpg\" alt=\"\" \/><\/p>\n<p style=\"text-align: center;\">\n","protected":false},"excerpt":{"rendered":"<p>Hoy le toca el turno a una horizontal de Sonabia. A diferencia de la vertical que os present\u00e9 hace unos d\u00edas, \u00e9sta no lleva el filtro azul en el cielo, pero s\u00ed que lleva un filtro para acentuar los colores fr\u00edos. Hay algo en ella que no termina de convencerme, pero a\u00fan as\u00ed, me gusta [&hellip;]<\/p>\n","protected":false},"author":1,"featured_media":0,"comment_status":"open","ping_status":"open","sticky":false,"template":"","format":"standard","meta":{"ngg_post_thumbnail":0,"footnotes":""},"categories":[6],"tags":[141,53,56,15,140,30,1494,66,63,86,54,130],"class_list":["post-393","post","type-post","status-publish","format-standard","hentry","category-fotografia","tag-anadir-etiqueta-nueva","tag-andoni-lamborena","tag-canon-eos-30d","tag-cantabria","tag-cantabrico","tag-cokin","tag-lamborena","tag-mar-cantabrico","tag-paisaje","tag-paisaje-marino","tag-sigma-10-20","tag-sonabia","entry"],"_links":{"self":[{"href":"https:\/\/www.lamborena.com\/index.php?rest_route=\/wp\/v2\/posts\/393","targetHints":{"allow":["GET"]}}],"collection":[{"href":"https:\/\/www.lamborena.com\/index.php?rest_route=\/wp\/v2\/posts"}],"about":[{"href":"https:\/\/www.lamborena.com\/index.php?rest_route=\/wp\/v2\/types\/post"}],"author":[{"embeddable":true,"href":"https:\/\/www.lamborena.com\/index.php?rest_route=\/wp\/v2\/users\/1"}],"replies":[{"embeddable":true,"href":"https:\/\/www.lamborena.com\/index.php?rest_route=%2Fwp%2Fv2%2Fcomments&post=393"}],"version-history":[{"count":1,"href":"https:\/\/www.lamborena.com\/index.php?rest_route=\/wp\/v2\/posts\/393\/revisions"}],"predecessor-version":[{"id":394,"href":"https:\/\/www.lamborena.com\/index.php?rest_route=\/wp\/v2\/posts\/393\/revisions\/394"}],"wp:attachment":[{"href":"https:\/\/www.lamborena.com\/index.php?rest_route=%2Fwp%2Fv2%2Fmedia&parent=393"}],"wp:term":[{"taxonomy":"category","embeddable":true,"href":"https:\/\/www.lamborena.com\/index.php?rest_route=%2Fwp%2Fv2%2Fcategories&post=393"},{"taxonomy":"post_tag","embeddable":true,"href":"https:\/\/www.lamborena.com\/index.php?rest_route=%2Fwp%2Fv2%2Ftags&post=393"}],"curies":[{"name":"wp","href":"https:\/\/api.w.org\/{rel}","templated":true}]}}