{"id":4080,"date":"2022-01-29T18:01:57","date_gmt":"2022-01-29T17:01:57","guid":{"rendered":"https:\/\/www.lamborena.com\/?p=4080"},"modified":"2022-01-29T18:01:58","modified_gmt":"2022-01-29T17:01:58","slug":"jatorrirantza-bueltan-de-vuelta-a-los-origenes","status":"publish","type":"post","link":"https:\/\/www.lamborena.com\/?p=4080","title":{"rendered":"Jatorrirantza bueltan &#8211; De vuelta a los or\u00edgenes"},"content":{"rendered":"\n<p>Esta toma la realic\u00e9 en la cala \u00abLa Juncosa\u00bb, el lugar en el que me inici\u00e9 en la fotograf\u00eda de paisaje. No s\u00e9 las horas que he podido meter en esa cala haciendo pruebas de todo tipo. Desde cambios de par\u00e1metros en la c\u00e1mara hasta pruebas con distintos filtros, experimentos de todo tipo, la verdad&#8230;<\/p>\n\n\n\n<p>En aquella ocasi\u00f3n me acompa\u00f1\u00f3 el peque\u00f1o de mis hijos, Markel, que estuvo entretenido con su c\u00e1mara haciendo fotos a todas las rocas que se encontraba. Fue un disfrute, la verdad&#8230;<\/p>\n\n\n\n<p>Se trata de un lugar al que tengo gran cari\u00f1o precisamente por haber sido el sitio de mis inicios, el sitio que consigui\u00f3 que la fotograf\u00eda de paisaje me cautivase.<\/p>\n\n\n\n<p>La foto la realic\u00e9 con el 17-40 de Canon a F16, con 30 segundos de exposici\u00f3n. Utilic\u00e9 un filtro de densidad neutra de 3 pasos y un degradado inverso tambi\u00e9n de tres pasos. El resultado, aqu\u00ed lo ten\u00e9is:<\/p>\n\n\n\n<figure class=\"wp-block-embed is-type-photo is-provider-flickr wp-block-embed-flickr\"><div class=\"wp-block-embed__wrapper\">\n<div class=\"reactr-oembed-wrap clr\"><a href=\"https:\/\/flic.kr\/p\/fvYhtD\"><img loading=\"lazy\" decoding=\"async\" src=\"https:\/\/live.staticflickr.com\/7334\/9528154835_b2cd9c4412_b.jpg\" alt=\"Jatorrirantza bueltan\" width=\"1024\" height=\"683\" \/><\/a><\/div>\n<\/div><\/figure>\n","protected":false},"excerpt":{"rendered":"<p>Esta toma la realic\u00e9 en la cala \u00abLa Juncosa\u00bb, el lugar en el que me inici\u00e9 en la fotograf\u00eda de paisaje. No s\u00e9 las horas que he podido meter en esa cala haciendo pruebas de todo tipo. Desde cambios de par\u00e1metros en la c\u00e1mara hasta pruebas con distintos filtros, experimentos de todo tipo, la verdad&#8230; [&hellip;]<\/p>\n","protected":false},"author":1,"featured_media":0,"comment_status":"open","ping_status":"open","sticky":false,"template":"","format":"standard","meta":{"ngg_post_thumbnail":0,"footnotes":""},"categories":[6],"tags":[55,1330,275,57,50,97,1494,18,86],"class_list":["post-4080","post","type-post","status-publish","format-standard","hentry","category-fotografia","tag-canon","tag-covaron","tag-hitech","tag-itxaslur","tag-kobaron","tag-la-juncosa","tag-lamborena","tag-muskiz","tag-paisaje-marino","entry"],"_links":{"self":[{"href":"https:\/\/www.lamborena.com\/index.php?rest_route=\/wp\/v2\/posts\/4080","targetHints":{"allow":["GET"]}}],"collection":[{"href":"https:\/\/www.lamborena.com\/index.php?rest_route=\/wp\/v2\/posts"}],"about":[{"href":"https:\/\/www.lamborena.com\/index.php?rest_route=\/wp\/v2\/types\/post"}],"author":[{"embeddable":true,"href":"https:\/\/www.lamborena.com\/index.php?rest_route=\/wp\/v2\/users\/1"}],"replies":[{"embeddable":true,"href":"https:\/\/www.lamborena.com\/index.php?rest_route=%2Fwp%2Fv2%2Fcomments&post=4080"}],"version-history":[{"count":1,"href":"https:\/\/www.lamborena.com\/index.php?rest_route=\/wp\/v2\/posts\/4080\/revisions"}],"predecessor-version":[{"id":4081,"href":"https:\/\/www.lamborena.com\/index.php?rest_route=\/wp\/v2\/posts\/4080\/revisions\/4081"}],"wp:attachment":[{"href":"https:\/\/www.lamborena.com\/index.php?rest_route=%2Fwp%2Fv2%2Fmedia&parent=4080"}],"wp:term":[{"taxonomy":"category","embeddable":true,"href":"https:\/\/www.lamborena.com\/index.php?rest_route=%2Fwp%2Fv2%2Fcategories&post=4080"},{"taxonomy":"post_tag","embeddable":true,"href":"https:\/\/www.lamborena.com\/index.php?rest_route=%2Fwp%2Fv2%2Ftags&post=4080"}],"curies":[{"name":"wp","href":"https:\/\/api.w.org\/{rel}","templated":true}]}}