{"id":4082,"date":"2022-02-01T17:10:00","date_gmt":"2022-02-01T16:10:00","guid":{"rendered":"https:\/\/www.lamborena.com\/?p=4082"},"modified":"2022-02-01T16:53:23","modified_gmt":"2022-02-01T15:53:23","slug":"desde-la-orilla","status":"publish","type":"post","link":"https:\/\/www.lamborena.com\/?p=4082","title":{"rendered":"Desde la orilla"},"content":{"rendered":"\n<p>Esta fue la \u00faltima foto de la sesi\u00f3n de atardecer en La Juncosa, Muskiz. Si os fij\u00e1is, las nubes que aparecen son las mismas que en la foto anterior, solo que con otra focal y cambiando el primer plano por completo.<\/p>\n\n\n\n<p>A punto estuvieron las olas de mojarme los pies al realizar esta \u00faltima toma. Siempre nos gusta exprimir el tiempo al m\u00e1ximo y esta vez no iba a ser menos. Como somos previsores, siempre llevamos calzado apropiado para la ocasi\u00f3n&#8230;<\/p>\n\n\n\n<p>Los detalles t\u00e9cnicos de la foto son los habituales en este tipo de fotos de mi galer\u00eda: Una focal corta, 31mm en este caso, un diafragma lo suficientemente cerrado como para obtener una gran profundidad de campo, f9 en este caso, baja sensibilidad y un tiempo de exposici\u00f3n relativamente prolongado para obtener efecto seda en el agua del mar, en este caso 25 segundos. Utilic\u00e9 un degradado inverso de 3 pasos de la marca brit\u00e1nica Hitech para compensar las luces del tercio superior.<\/p>\n\n\n\n<p>\u00a1Hasta la siguiente entrega!<\/p>\n\n\n\n<figure class=\"wp-block-embed is-type-photo is-provider-flickr wp-block-embed-flickr\"><div class=\"wp-block-embed__wrapper\">\n<div class=\"reactr-oembed-wrap clr\"><a href=\"https:\/\/flic.kr\/p\/fymvv7\"><img loading=\"lazy\" decoding=\"async\" src=\"https:\/\/live.staticflickr.com\/7420\/9555124108_fd0b91f317_b.jpg\" alt=\"Desde la orilla\" width=\"1024\" height=\"683\" \/><\/a><\/div>\n<\/div><\/figure>\n","protected":false},"excerpt":{"rendered":"<p>Esta fue la \u00faltima foto de la sesi\u00f3n de atardecer en La Juncosa, Muskiz. Si os fij\u00e1is, las nubes que aparecen son las mismas que en la foto anterior, solo que con otra focal y cambiando el primer plano por completo. A punto estuvieron las olas de mojarme los pies al realizar esta \u00faltima toma. [&hellip;]<\/p>\n","protected":false},"author":1,"featured_media":0,"comment_status":"open","ping_status":"open","sticky":false,"template":"","format":"standard","meta":{"ngg_post_thumbnail":0,"footnotes":""},"categories":[6],"tags":[88,275,276,740,719,1494,18,129,63],"class_list":["post-4082","post","type-post","status-publish","format-standard","hentry","category-fotografia","tag-fotos-de-muskiz","tag-hitech","tag-hitech-filters","tag-hitech-reverse","tag-inverso-hitech","tag-lamborena","tag-muskiz","tag-muskizko-argazkiak","tag-paisaje","entry"],"_links":{"self":[{"href":"https:\/\/www.lamborena.com\/index.php?rest_route=\/wp\/v2\/posts\/4082","targetHints":{"allow":["GET"]}}],"collection":[{"href":"https:\/\/www.lamborena.com\/index.php?rest_route=\/wp\/v2\/posts"}],"about":[{"href":"https:\/\/www.lamborena.com\/index.php?rest_route=\/wp\/v2\/types\/post"}],"author":[{"embeddable":true,"href":"https:\/\/www.lamborena.com\/index.php?rest_route=\/wp\/v2\/users\/1"}],"replies":[{"embeddable":true,"href":"https:\/\/www.lamborena.com\/index.php?rest_route=%2Fwp%2Fv2%2Fcomments&post=4082"}],"version-history":[{"count":1,"href":"https:\/\/www.lamborena.com\/index.php?rest_route=\/wp\/v2\/posts\/4082\/revisions"}],"predecessor-version":[{"id":4084,"href":"https:\/\/www.lamborena.com\/index.php?rest_route=\/wp\/v2\/posts\/4082\/revisions\/4084"}],"wp:attachment":[{"href":"https:\/\/www.lamborena.com\/index.php?rest_route=%2Fwp%2Fv2%2Fmedia&parent=4082"}],"wp:term":[{"taxonomy":"category","embeddable":true,"href":"https:\/\/www.lamborena.com\/index.php?rest_route=%2Fwp%2Fv2%2Fcategories&post=4082"},{"taxonomy":"post_tag","embeddable":true,"href":"https:\/\/www.lamborena.com\/index.php?rest_route=%2Fwp%2Fv2%2Ftags&post=4082"}],"curies":[{"name":"wp","href":"https:\/\/api.w.org\/{rel}","templated":true}]}}