{"id":4096,"date":"2022-02-04T15:30:00","date_gmt":"2022-02-04T14:30:00","guid":{"rendered":"https:\/\/www.lamborena.com\/?p=4096"},"modified":"2022-02-04T14:41:21","modified_gmt":"2022-02-04T13:41:21","slug":"finalizando-el-verano","status":"publish","type":"post","link":"https:\/\/www.lamborena.com\/?p=4096","title":{"rendered":"Finalizando el verano"},"content":{"rendered":"\n<p>Corr\u00eda el verano de 2013 cuando hice esta foto, en el mes de septiembre concretamente. Me acerqu\u00e9 con el tiempo justo a Sonabia y nada mas llegar hice esta toma con la c\u00e1mara orientada hacia La Ballena, buscando un primer plano en el que las rocas y las plantas costeras pudiesen acompa\u00f1ar al resto de la toma. El cielo esta vez acompa\u00f1\u00f3 al conjunto aportando un poco de drama, puesto que los colores t\u00edpicos del ocaso no llegaron hasta all\u00ed.<\/p>\n\n\n\n<p>Utilic\u00e9 mi querido degradado inverso de 3 pasos Hitech para compensar esas luces del tercio superior. Diafragma F16, 25 segundos de exposici\u00f3n e ISO50 a 17mm fueron los par\u00e1metros de la foto. Todo ello con la vieja 5d2 y el 17-40-L.<\/p>\n\n\n\n<p>Buen fin de semana!<\/p>\n\n\n\n<figure class=\"wp-block-embed is-type-photo is-provider-flickr wp-block-embed-flickr\"><div class=\"wp-block-embed__wrapper\">\n<div class=\"reactr-oembed-wrap clr\"><a href=\"https:\/\/flic.kr\/p\/fQeDPA\"><img loading=\"lazy\" decoding=\"async\" src=\"https:\/\/live.staticflickr.com\/5340\/9734850244_041974c529_b.jpg\" alt=\"Finalizando el verano\" width=\"1024\" height=\"683\" \/><\/a><\/div>\n<\/div><\/figure>\n","protected":false},"excerpt":{"rendered":"<p>Corr\u00eda el verano de 2013 cuando hice esta foto, en el mes de septiembre concretamente. Me acerqu\u00e9 con el tiempo justo a Sonabia y nada mas llegar hice esta toma con la c\u00e1mara orientada hacia La Ballena, buscando un primer plano en el que las rocas y las plantas costeras pudiesen acompa\u00f1ar al resto de [&hellip;]<\/p>\n","protected":false},"author":1,"featured_media":0,"comment_status":"open","ping_status":"open","sticky":false,"template":"","format":"standard","meta":{"ngg_post_thumbnail":0,"footnotes":""},"categories":[6],"tags":[551,55,15,275,740,810,1494,63,48,130],"class_list":["post-4096","post","type-post","status-publish","format-standard","hentry","category-fotografia","tag-ballena","tag-canon","tag-cantabria","tag-hitech","tag-hitech-reverse","tag-hitech-reverse-grad","tag-lamborena","tag-paisaje","tag-seascape","tag-sonabia","entry"],"_links":{"self":[{"href":"https:\/\/www.lamborena.com\/index.php?rest_route=\/wp\/v2\/posts\/4096","targetHints":{"allow":["GET"]}}],"collection":[{"href":"https:\/\/www.lamborena.com\/index.php?rest_route=\/wp\/v2\/posts"}],"about":[{"href":"https:\/\/www.lamborena.com\/index.php?rest_route=\/wp\/v2\/types\/post"}],"author":[{"embeddable":true,"href":"https:\/\/www.lamborena.com\/index.php?rest_route=\/wp\/v2\/users\/1"}],"replies":[{"embeddable":true,"href":"https:\/\/www.lamborena.com\/index.php?rest_route=%2Fwp%2Fv2%2Fcomments&post=4096"}],"version-history":[{"count":1,"href":"https:\/\/www.lamborena.com\/index.php?rest_route=\/wp\/v2\/posts\/4096\/revisions"}],"predecessor-version":[{"id":4097,"href":"https:\/\/www.lamborena.com\/index.php?rest_route=\/wp\/v2\/posts\/4096\/revisions\/4097"}],"wp:attachment":[{"href":"https:\/\/www.lamborena.com\/index.php?rest_route=%2Fwp%2Fv2%2Fmedia&parent=4096"}],"wp:term":[{"taxonomy":"category","embeddable":true,"href":"https:\/\/www.lamborena.com\/index.php?rest_route=%2Fwp%2Fv2%2Fcategories&post=4096"},{"taxonomy":"post_tag","embeddable":true,"href":"https:\/\/www.lamborena.com\/index.php?rest_route=%2Fwp%2Fv2%2Ftags&post=4096"}],"curies":[{"name":"wp","href":"https:\/\/api.w.org\/{rel}","templated":true}]}}