{"id":4098,"date":"2022-02-16T09:47:03","date_gmt":"2022-02-16T08:47:03","guid":{"rendered":"https:\/\/www.lamborena.com\/?p=4098"},"modified":"2022-02-16T09:49:15","modified_gmt":"2022-02-16T08:49:15","slug":"lastron-epel","status":"publish","type":"post","link":"https:\/\/www.lamborena.com\/?p=4098","title":{"rendered":"Lastr\u00f3n epel"},"content":{"rendered":"\n<p>La playa El Lastr\u00f3n es un lugar que tengo muy cerca, a escasos 10 minutos de casa. Una breve caminata descendente te deja a pie de mar en otros breves 5 minutos. Se trata de un lugar \u00f3ptimo para los atardeceres, sobre todo en \u00e9poca primaveral y estival si se pretende capturar el sol meti\u00e9ndose por el mar. No obstante, tiene foto en cualquier \u00e9poca del a\u00f1o.<\/p>\n\n\n\n<p><\/p>\n\n\n\n<p>Esta foto la realic\u00e9 una tarde de septiembre en compa\u00f1\u00eda de mis amigos Jose y Jes\u00fas. Puede apreciarse que el sol ya se mete en estas fechas por tierra.<\/p>\n\n\n\n<p>En lo que a los par\u00e1metros t\u00e9cnicos se refiere, utilic\u00e9 el 17-40 de Canon a 17mm, con un diafragma de F16, un tiempo de exposici\u00f3n de 6 segundos y una sensibilidad de ISO 50. Para controlar las luces del tercio superior utilic\u00e9 el degradado inverso de tres pasos Hitech.<\/p>\n\n\n\n<p>Os dejo con la toma. Laster arte.<\/p>\n\n\n\n<figure class=\"wp-block-embed is-type-photo is-provider-flickr wp-block-embed-flickr\"><div class=\"wp-block-embed__wrapper\">\n<div class=\"reactr-oembed-wrap clr\"><a href=\"https:\/\/flic.kr\/p\/fTkxgW\"><img loading=\"lazy\" decoding=\"async\" src=\"https:\/\/live.staticflickr.com\/2856\/9769948384_c2e747d7f8_b.jpg\" alt=\"Lastr\u00f3n epel\" width=\"1024\" height=\"683\" \/><\/a><\/div>\n<\/div><\/figure>\n","protected":false},"excerpt":{"rendered":"<p>La playa El Lastr\u00f3n es un lugar que tengo muy cerca, a escasos 10 minutos de casa. Una breve caminata descendente te deja a pie de mar en otros breves 5 minutos. Se trata de un lugar \u00f3ptimo para los atardeceres, sobre todo en \u00e9poca primaveral y estival si se pretende capturar el sol meti\u00e9ndose [&hellip;]<\/p>\n","protected":false},"author":1,"featured_media":0,"comment_status":"open","ping_status":"open","sticky":false,"template":"","format":"standard","meta":{"ngg_post_thumbnail":0,"footnotes":""},"categories":[6],"tags":[53,19,275,276,740,1494,231,1562,49,63,72],"class_list":["post-4098","post","type-post","status-publish","format-standard","hentry","category-fotografia","tag-andoni-lamborena","tag-bizkaia","tag-hitech","tag-hitech-filters","tag-hitech-reverse","tag-lamborena","tag-landscape","tag-lastron-2","tag-paisaia","tag-paisaje","tag-zierbena","entry"],"_links":{"self":[{"href":"https:\/\/www.lamborena.com\/index.php?rest_route=\/wp\/v2\/posts\/4098","targetHints":{"allow":["GET"]}}],"collection":[{"href":"https:\/\/www.lamborena.com\/index.php?rest_route=\/wp\/v2\/posts"}],"about":[{"href":"https:\/\/www.lamborena.com\/index.php?rest_route=\/wp\/v2\/types\/post"}],"author":[{"embeddable":true,"href":"https:\/\/www.lamborena.com\/index.php?rest_route=\/wp\/v2\/users\/1"}],"replies":[{"embeddable":true,"href":"https:\/\/www.lamborena.com\/index.php?rest_route=%2Fwp%2Fv2%2Fcomments&post=4098"}],"version-history":[{"count":2,"href":"https:\/\/www.lamborena.com\/index.php?rest_route=\/wp\/v2\/posts\/4098\/revisions"}],"predecessor-version":[{"id":4101,"href":"https:\/\/www.lamborena.com\/index.php?rest_route=\/wp\/v2\/posts\/4098\/revisions\/4101"}],"wp:attachment":[{"href":"https:\/\/www.lamborena.com\/index.php?rest_route=%2Fwp%2Fv2%2Fmedia&parent=4098"}],"wp:term":[{"taxonomy":"category","embeddable":true,"href":"https:\/\/www.lamborena.com\/index.php?rest_route=%2Fwp%2Fv2%2Fcategories&post=4098"},{"taxonomy":"post_tag","embeddable":true,"href":"https:\/\/www.lamborena.com\/index.php?rest_route=%2Fwp%2Fv2%2Ftags&post=4098"}],"curies":[{"name":"wp","href":"https:\/\/api.w.org\/{rel}","templated":true}]}}