{"id":4106,"date":"2022-02-23T10:24:54","date_gmt":"2022-02-23T09:24:54","guid":{"rendered":"https:\/\/www.lamborena.com\/?p=4106"},"modified":"2022-02-23T10:24:55","modified_gmt":"2022-02-23T09:24:55","slug":"sin-fortuna","status":"publish","type":"post","link":"https:\/\/www.lamborena.com\/?p=4106","title":{"rendered":"Sin fortuna"},"content":{"rendered":"\n<p>La toma de hoy lleva un t\u00edtulo acorde al momento en el que la realic\u00e9. <\/p>\n\n\n\n<p>A todos los que nos hemos dedicado en alg\u00fan momento a la fotograf\u00eda de paisaje nos encantan los cielos nubosos, coloridos, con contraste, etc\u2026 Nos gusta que tengan fuerza y que tengan su peso en las fotograf\u00edas que tomamos. En aquella ocasi\u00f3n no hubo nada de fortuna en cuanto al color. Estuvimos al amanecer en la playa de La Arn\u00eda pero los colores crepusculares brillaron por su ausencia.<\/p>\n\n\n\n<p>Con las condiciones de marea que encontramos pudimos adentrarnos en la zona intermareal para obtener una vista general de esta preciosa zona de Liencres. Utilic\u00e9 un filtro degradado para controlar en la medida de los posible las luces de la mitad superior. En esta ocasi\u00f3n el horizonte est\u00e1 centrado para que el hito principal de la toma pueda tener su protagonismo en el encuadre.<\/p>\n\n\n\n<p>Os dejo con la toma. Laster arte!<\/p>\n\n\n\n<figure class=\"wp-block-embed is-type-photo is-provider-flickr wp-block-embed-flickr\"><div class=\"wp-block-embed__wrapper\">\n<div class=\"reactr-oembed-wrap clr\"><a href=\"https:\/\/flic.kr\/p\/hhVnoL\"><img loading=\"lazy\" decoding=\"async\" src=\"https:\/\/live.staticflickr.com\/2807\/10693185124_43322068d4_b.jpg\" alt=\"Sin fortuna\" width=\"1024\" height=\"683\" \/><\/a><\/div>\n<\/div><\/figure>\n","protected":false},"excerpt":{"rendered":"<p>La toma de hoy lleva un t\u00edtulo acorde al momento en el que la realic\u00e9. A todos los que nos hemos dedicado en alg\u00fan momento a la fotograf\u00eda de paisaje nos encantan los cielos nubosos, coloridos, con contraste, etc\u2026 Nos gusta que tengan fuerza y que tengan su peso en las fotograf\u00edas que tomamos. En [&hellip;]<\/p>\n","protected":false},"author":1,"featured_media":0,"comment_status":"open","ping_status":"open","sticky":false,"template":"","format":"standard","meta":{"ngg_post_thumbnail":0,"footnotes":""},"categories":[6],"tags":[55,15,275,1565,1494,91,63,86,48],"class_list":["post-4106","post","type-post","status-publish","format-standard","hentry","category-fotografia","tag-canon","tag-cantabria","tag-hitech","tag-la-arnia-2","tag-lamborena","tag-liencres","tag-paisaje","tag-paisaje-marino","tag-seascape","entry"],"_links":{"self":[{"href":"https:\/\/www.lamborena.com\/index.php?rest_route=\/wp\/v2\/posts\/4106","targetHints":{"allow":["GET"]}}],"collection":[{"href":"https:\/\/www.lamborena.com\/index.php?rest_route=\/wp\/v2\/posts"}],"about":[{"href":"https:\/\/www.lamborena.com\/index.php?rest_route=\/wp\/v2\/types\/post"}],"author":[{"embeddable":true,"href":"https:\/\/www.lamborena.com\/index.php?rest_route=\/wp\/v2\/users\/1"}],"replies":[{"embeddable":true,"href":"https:\/\/www.lamborena.com\/index.php?rest_route=%2Fwp%2Fv2%2Fcomments&post=4106"}],"version-history":[{"count":1,"href":"https:\/\/www.lamborena.com\/index.php?rest_route=\/wp\/v2\/posts\/4106\/revisions"}],"predecessor-version":[{"id":4107,"href":"https:\/\/www.lamborena.com\/index.php?rest_route=\/wp\/v2\/posts\/4106\/revisions\/4107"}],"wp:attachment":[{"href":"https:\/\/www.lamborena.com\/index.php?rest_route=%2Fwp%2Fv2%2Fmedia&parent=4106"}],"wp:term":[{"taxonomy":"category","embeddable":true,"href":"https:\/\/www.lamborena.com\/index.php?rest_route=%2Fwp%2Fv2%2Fcategories&post=4106"},{"taxonomy":"post_tag","embeddable":true,"href":"https:\/\/www.lamborena.com\/index.php?rest_route=%2Fwp%2Fv2%2Ftags&post=4106"}],"curies":[{"name":"wp","href":"https:\/\/api.w.org\/{rel}","templated":true}]}}