{"id":499,"date":"2009-06-13T23:09:34","date_gmt":"2009-06-13T21:09:34","guid":{"rendered":"http:\/\/www.lamborena.com\/?p=499"},"modified":"2009-06-13T23:10:34","modified_gmt":"2009-06-13T21:10:34","slug":"atardece-en-la-arena","status":"publish","type":"post","link":"https:\/\/www.lamborena.com\/?p=499","title":{"rendered":"Atardece en La Arena"},"content":{"rendered":"<p style=\"text-align: justify;\">La de hoy es una foto con unos cuantos d\u00edas de antig\u00fcedad. Es del mismo d\u00eda que\u00a0 \u00abLa Arena epel\u00bb, presentada a principios de semana. Ya os coment\u00e9 en su d\u00eda que fue un atardecer muy soso, sin nubes, as\u00ed que tuve que buscarme la vida para traerme algo decente en la tarjeta de memoria.<\/p>\n<p style=\"text-align: justify;\">Acabo, como quien dice, de llegar de un viaje familiar a Burgos. No he hecho ni una sola foto y eso que iba con la consigna de sacar alg\u00fan campo de cereal pero no he visto nada que me haya llamado la atenci\u00f3n. Cosas que tiene el no salirse de las v\u00edas principales. Siempre hay alg\u00fan tendido el\u00e9ctrico o muestra de la labor humana que te estropea la foto.<\/p>\n<p style=\"text-align: justify;\">Por hoy no os cuento nada m\u00e1s. Estoy muy cansado y me voy a dormir. A ver si ma\u00f1ana el tiempo acompa\u00f1a y puedo salir a liberar adrenalina con la Canon. Os dejo con la foto. Saludos.<\/p>\n<p style=\"text-align: center;\"><img decoding=\"async\" style=\"border: 2px solid black;\" src=\"http:\/\/farm4.static.flickr.com\/3339\/3586221691_2efbbdae0b.jpg\" alt=\"\" \/><\/p>\n","protected":false},"excerpt":{"rendered":"<p>La de hoy es una foto con unos cuantos d\u00edas de antig\u00fcedad. Es del mismo d\u00eda que\u00a0 \u00abLa Arena epel\u00bb, presentada a principios de semana. Ya os coment\u00e9 en su d\u00eda que fue un atardecer muy soso, sin nubes, as\u00ed que tuve que buscarme la vida para traerme algo decente en la tarjeta de memoria. [&hellip;]<\/p>\n","protected":false},"author":1,"featured_media":0,"comment_status":"open","ping_status":"open","sticky":false,"template":"","format":"standard","meta":{"ngg_post_thumbnail":0,"footnotes":""},"categories":[6],"tags":[53,56,30,88,7,71,1494,18,129,39,46],"class_list":["post-499","post","type-post","status-publish","format-standard","hentry","category-fotografia","tag-andoni-lamborena","tag-canon-eos-30d","tag-cokin","tag-fotos-de-muskiz","tag-la-arena","tag-la-arena-hondartza","tag-lamborena","tag-muskiz","tag-muskizko-argazkiak","tag-playa-de-la-arena","tag-singh-ray","entry"],"_links":{"self":[{"href":"https:\/\/www.lamborena.com\/index.php?rest_route=\/wp\/v2\/posts\/499","targetHints":{"allow":["GET"]}}],"collection":[{"href":"https:\/\/www.lamborena.com\/index.php?rest_route=\/wp\/v2\/posts"}],"about":[{"href":"https:\/\/www.lamborena.com\/index.php?rest_route=\/wp\/v2\/types\/post"}],"author":[{"embeddable":true,"href":"https:\/\/www.lamborena.com\/index.php?rest_route=\/wp\/v2\/users\/1"}],"replies":[{"embeddable":true,"href":"https:\/\/www.lamborena.com\/index.php?rest_route=%2Fwp%2Fv2%2Fcomments&post=499"}],"version-history":[{"count":2,"href":"https:\/\/www.lamborena.com\/index.php?rest_route=\/wp\/v2\/posts\/499\/revisions"}],"predecessor-version":[{"id":501,"href":"https:\/\/www.lamborena.com\/index.php?rest_route=\/wp\/v2\/posts\/499\/revisions\/501"}],"wp:attachment":[{"href":"https:\/\/www.lamborena.com\/index.php?rest_route=%2Fwp%2Fv2%2Fmedia&parent=499"}],"wp:term":[{"taxonomy":"category","embeddable":true,"href":"https:\/\/www.lamborena.com\/index.php?rest_route=%2Fwp%2Fv2%2Fcategories&post=499"},{"taxonomy":"post_tag","embeddable":true,"href":"https:\/\/www.lamborena.com\/index.php?rest_route=%2Fwp%2Fv2%2Ftags&post=499"}],"curies":[{"name":"wp","href":"https:\/\/api.w.org\/{rel}","templated":true}]}}