{"id":588,"date":"2009-07-09T17:40:06","date_gmt":"2009-07-09T15:40:06","guid":{"rendered":"http:\/\/www.lamborena.com\/?p=588"},"modified":"2009-07-09T17:40:06","modified_gmt":"2009-07-09T15:40:06","slug":"algo-distinto-un-retrato","status":"publish","type":"post","link":"https:\/\/www.lamborena.com\/?p=588","title":{"rendered":"Algo distinto: Un retrato"},"content":{"rendered":"<p style=\"text-align: justify;\">Pero no de una persona, sino de un ave.<\/p>\n<p style=\"text-align: justify;\">Seguramente ser\u00e1 una de las aves mas fotografiadas del norte. Se trata de un aguila calva del parque de la naturaleza de Cab\u00e1rceno, que d\u00eda s\u00ed y d\u00eda tambi\u00e9n aguanta est\u00f3icamente a los miles de personas que nos acercamos a su vera con intenci\u00f3n de inmortalizarla.<\/p>\n<p style=\"text-align: justify;\">Resulta un ave ciertamente atractiva para fotografiar. Su plumaje bicolor y su prominente pico la hacen realmente bella.<\/p>\n<p style=\"text-align: justify;\">T\u00e9cnicamente esta foto no tiene mucha historia. La realic\u00e9 con el 70-200 a 200mm, f3&#8217;5 y 1\/400 segundos de velocidad. Apoy\u00e9 el objetivo en una estaca que hay pr\u00f3xima a las aves y esper\u00e9 a que posara para mi. Hay que andar atento porque gira la cabeza constantemente.<\/p>\n<p style=\"text-align: justify;\">Os dejo con la foto. Intentar\u00e9 informaros esta noche o ma\u00f1ana de alguna cuesti\u00f3n relacionada con la fotograf\u00eda. Un saludo.<\/p>\n<p style=\"text-align: center;\"><img decoding=\"async\" style=\"border: 2px solid black;\" src=\"http:\/\/farm4.static.flickr.com\/3424\/3694986437_422785597f.jpg\" alt=\"\" \/><\/p>\n","protected":false},"excerpt":{"rendered":"<p>Pero no de una persona, sino de un ave. Seguramente ser\u00e1 una de las aves mas fotografiadas del norte. Se trata de un aguila calva del parque de la naturaleza de Cab\u00e1rceno, que d\u00eda s\u00ed y d\u00eda tambi\u00e9n aguanta est\u00f3icamente a los miles de personas que nos acercamos a su vera con intenci\u00f3n de inmortalizarla. [&hellip;]<\/p>\n","protected":false},"author":1,"featured_media":0,"comment_status":"open","ping_status":"open","sticky":false,"template":"","format":"standard","meta":{"ngg_post_thumbnail":0,"footnotes":""},"categories":[6],"tags":[241,235,238,239,237,240,56,15,1494,236,242,112],"class_list":["post-588","post","type-post","status-publish","format-standard","hentry","category-fotografia","tag-aguila","tag-aguila-calva","tag-andoni-lamborena-fotos-de-andoni-lamborena","tag-andoni-lamborenaren-argazkiak","tag-cabarceno","tag-canon-70-200-28-l","tag-canon-eos-30d","tag-cantabria","tag-lamborena","tag-pigargo","tag-rapaz","tag-santander","entry"],"_links":{"self":[{"href":"https:\/\/www.lamborena.com\/index.php?rest_route=\/wp\/v2\/posts\/588","targetHints":{"allow":["GET"]}}],"collection":[{"href":"https:\/\/www.lamborena.com\/index.php?rest_route=\/wp\/v2\/posts"}],"about":[{"href":"https:\/\/www.lamborena.com\/index.php?rest_route=\/wp\/v2\/types\/post"}],"author":[{"embeddable":true,"href":"https:\/\/www.lamborena.com\/index.php?rest_route=\/wp\/v2\/users\/1"}],"replies":[{"embeddable":true,"href":"https:\/\/www.lamborena.com\/index.php?rest_route=%2Fwp%2Fv2%2Fcomments&post=588"}],"version-history":[{"count":2,"href":"https:\/\/www.lamborena.com\/index.php?rest_route=\/wp\/v2\/posts\/588\/revisions"}],"predecessor-version":[{"id":590,"href":"https:\/\/www.lamborena.com\/index.php?rest_route=\/wp\/v2\/posts\/588\/revisions\/590"}],"wp:attachment":[{"href":"https:\/\/www.lamborena.com\/index.php?rest_route=%2Fwp%2Fv2%2Fmedia&parent=588"}],"wp:term":[{"taxonomy":"category","embeddable":true,"href":"https:\/\/www.lamborena.com\/index.php?rest_route=%2Fwp%2Fv2%2Fcategories&post=588"},{"taxonomy":"post_tag","embeddable":true,"href":"https:\/\/www.lamborena.com\/index.php?rest_route=%2Fwp%2Fv2%2Ftags&post=588"}],"curies":[{"name":"wp","href":"https:\/\/api.w.org\/{rel}","templated":true}]}}