{"id":595,"date":"2009-07-10T09:00:44","date_gmt":"2009-07-10T07:00:44","guid":{"rendered":"http:\/\/www.lamborena.com\/?p=595"},"modified":"2009-07-09T23:27:11","modified_gmt":"2009-07-09T21:27:11","slug":"pedro-j-zamora-estrena-blog-y-jesus-ortiz-lo-relanza","status":"publish","type":"post","link":"https:\/\/www.lamborena.com\/?p=595","title":{"rendered":"Pedro J. Zamora estrena blog y Jes\u00fas Ortiz lo relanza"},"content":{"rendered":"<p style=\"text-align: justify;\">Algunos seguro que a trav\u00e9s de mi blog hab\u00e9is aterrizado en la web personal de <a href=\"http:\/\/www.pedrojzamora.es\" target=\"_blank\">Pedro<\/a> o de <a href=\"http:\/\/www.enfocando.info\/jesusortiz\/web\/index.html\" target=\"_blank\">Jes\u00fas<\/a> o en alguno de los blogs de <a href=\"http:\/\/jesusortizfotografia.blogspot.com\/\" target=\"_blank\">Jes\u00fas<\/a> o <a href=\"http:\/\/pedrojzamora.blogspot.com\/\" target=\"_blank\">Pedro<\/a>. Los alterno para que no se me pongan celosos el uno del otro ;-)&#8230; Pues bien, mis buenos amigos Pedro (Elche) y Jes\u00fas (Murcia) han decidido dar nuevos pasos en la red para dar a conocer su excelente trabajo. Jes\u00fas, por empezar por uno, ha relanzado su blog que ten\u00eda ligeramente olvidado, mostrando una buena cantidad de sus \u00faltimos trabajos. Pedro por su parte, ha abierto <a href=\"http:\/\/pedrojzamoraestudio.blogspot.com\/\" target=\"_blank\">un nuevo blog<\/a> en el que presenta su faceta de fot\u00f3grafo social, diferenci\u00e1ndola de esta manera, de su otra cara como paisajista.<\/p>\n<p style=\"text-align: justify;\">A los del norte nos pilla un poco lejos para contratarlos para un evento de este tipo, pero seguro que alg\u00fan lector en alguna ocasi\u00f3n tendr\u00e1 necesidad de contratar un buen profesional en el \u00e1rea de Elche, Murcia y alrededores. Son dos grandes profesionales que merecen nuestra m\u00e1xima atenci\u00f3n. Os recomiendo la visita a sus blogs para pasar un rato ameno disfrutando del buen hacer de estos dos grandes fot\u00f3grafos y mejores personas. Creo que la calidad de sus fotos habla por si sola.<\/p>\n","protected":false},"excerpt":{"rendered":"<p>Algunos seguro que a trav\u00e9s de mi blog hab\u00e9is aterrizado en la web personal de Pedro o de Jes\u00fas o en alguno de los blogs de Jes\u00fas o Pedro. Los alterno para que no se me pongan celosos el uno del otro ;-)&#8230; Pues bien, mis buenos amigos Pedro (Elche) y Jes\u00fas (Murcia) han decidido [&hellip;]<\/p>\n","protected":false},"author":1,"featured_media":0,"comment_status":"open","ping_status":"open","sticky":false,"template":"","format":"standard","meta":{"ngg_post_thumbnail":0,"footnotes":""},"categories":[6],"tags":[259,257,256,251,1493,250,254,260,258,255,249,253,252],"class_list":["post-595","post","type-post","status-publish","format-standard","hentry","category-fotografia","tag-elche","tag-estudio","tag-foto-de-estudio","tag-foto-social","tag-fotografia","tag-jesus-ortiz","tag-jesus-ortiz-fotografia","tag-levante","tag-murcia","tag-pedro-j-zamora-estudio","tag-pedro-zamora","tag-pedroj-zamora","tag-reportaje-social","entry"],"_links":{"self":[{"href":"https:\/\/www.lamborena.com\/index.php?rest_route=\/wp\/v2\/posts\/595","targetHints":{"allow":["GET"]}}],"collection":[{"href":"https:\/\/www.lamborena.com\/index.php?rest_route=\/wp\/v2\/posts"}],"about":[{"href":"https:\/\/www.lamborena.com\/index.php?rest_route=\/wp\/v2\/types\/post"}],"author":[{"embeddable":true,"href":"https:\/\/www.lamborena.com\/index.php?rest_route=\/wp\/v2\/users\/1"}],"replies":[{"embeddable":true,"href":"https:\/\/www.lamborena.com\/index.php?rest_route=%2Fwp%2Fv2%2Fcomments&post=595"}],"version-history":[{"count":3,"href":"https:\/\/www.lamborena.com\/index.php?rest_route=\/wp\/v2\/posts\/595\/revisions"}],"predecessor-version":[{"id":597,"href":"https:\/\/www.lamborena.com\/index.php?rest_route=\/wp\/v2\/posts\/595\/revisions\/597"}],"wp:attachment":[{"href":"https:\/\/www.lamborena.com\/index.php?rest_route=%2Fwp%2Fv2%2Fmedia&parent=595"}],"wp:term":[{"taxonomy":"category","embeddable":true,"href":"https:\/\/www.lamborena.com\/index.php?rest_route=%2Fwp%2Fv2%2Fcategories&post=595"},{"taxonomy":"post_tag","embeddable":true,"href":"https:\/\/www.lamborena.com\/index.php?rest_route=%2Fwp%2Fv2%2Ftags&post=595"}],"curies":[{"name":"wp","href":"https:\/\/api.w.org\/{rel}","templated":true}]}}