{"id":602,"date":"2009-07-10T17:42:41","date_gmt":"2009-07-10T15:42:41","guid":{"rendered":"http:\/\/www.lamborena.com\/?p=602"},"modified":"2009-07-10T17:43:13","modified_gmt":"2009-07-10T15:43:13","slug":"itsasoari-begira-con-vistas-al-mar-para-josu-y-pilar","status":"publish","type":"post","link":"https:\/\/www.lamborena.com\/?p=602","title":{"rendered":"Itsasoari begira. Con vistas al mar: Para Josu y Pilar"},"content":{"rendered":"<p style=\"text-align: justify;\">Una dedicatoria especial para Josu y Pilar con los que he coincidido en dos ocasiones seguidas en esta preciosa zona de Muskiz y he pasado unos ratos agradables charlando sobre fotograf\u00eda.<\/p>\n<p style=\"text-align: justify;\">El pasado martes tuve un rato largo para salir a hacer fotos, as\u00ed que decid\u00ed dejar el coche en el parking de Itxaslur y acercarme hasta la zona del antiguo cargadero, tambi\u00e9n conocida como \u00abLa Orconera\u00bb. Se viene a tardar unos 15 minutos a pie por el paseo que recorre los impresionantes acantilados de la costa muskiztarra, por eso suele ser un sitio que descarto cuando voy con mucha prisa y solo tengo unos pocos minutos para ubicarme. S\u00ed, estoy reconociendo que ten\u00eda este sitio un poco olvidado. Pero como enmienda fu\u00ed dos d\u00edas seguidos, el segundo de ellos sin tiempo, corriendo con todo el equipo a cuestas&#8230;<\/p>\n<p style=\"text-align: justify;\">La cuesti\u00f3n es que una vez all\u00ed hay infinidad de encuadres para escoger. El primer d\u00eda el viento soplaba fuerte y al estar la hierba tan alta me imped\u00eda hacer exposiciones largas con \u00e9stas en primer plano como suele gustarme. All\u00ed me pillaron Josu y Pilar de cualquier manera agachado intentando hacer algo decente entre las hierbas&#8230; Fue al final de la sesi\u00f3n, tras despedirme de ellos y una vez que el sol estaba escondido cuando hice la foto que m\u00e1s me gust\u00f3 de la jornada. Encuadr\u00e9 de tal forma con el Sigma 10-20 que pude meter en la toma varios elementos sin que a mi juicio creasen una imagen ca\u00f3tica. Es m\u00e1s, a mi me transmite serenidad. Os la voy a mostrar y despu\u00e9s sigo hablando de ella.<\/p>\n<p style=\"text-align: center;\"><img decoding=\"async\" style=\"border: 2px solid black;\" src=\"http:\/\/farm4.static.flickr.com\/3525\/3703976002_7d53c4b9e0.jpg\" alt=\"\" \/><\/p>\n<p style=\"text-align: justify;\">La vieja caseta en ruinas es casi siempre un acierto en los encuadres de esta zona. Tengo pendiente volver porque me he dejado un mont\u00f3n de fotos sin captar all\u00ed. Es un sitio con much\u00edsimo encanto para mi. Me relaja estar all\u00ed, en esas campas verdes sobre el mar con la brisa del Cant\u00e1brico refrescandote en pleno verano&#8230;<\/p>\n<p style=\"text-align: justify;\">Sobre esta foto en particular os puedo comentar que tiene una exposici\u00f3n de dos minutos. Con esa exposici\u00f3n consegu\u00ed el efecto de moviemiento en las nubes. El resto de datos de la toma son los siguientes: F11, 11mm e ISO 100. Tuve que poner el tr\u00edpode muy bajo y con las patas extendidas para mantener la estabilidad debido al fuerte viento que pon\u00eda en peligro la correcta captura de la foto. Para equilibrar el cielo utilic\u00e9 el filtro degradado inverso \u00ab<a href=\"http:\/\/singhray.blogspot.com\/\" target=\"_blank\">singh ray<\/a>\u00bb colocado en el portafiltros.<\/p>\n<p style=\"text-align: justify;\">Como ya os anticipaba antes, tengo como reto personal un par de zonas de este lugar. Volver\u00e9 tan pronto como pueda. Visto lo visto volver\u00e9 a encontrarme con Josu y Pilar. Seguro que Josu aprovecha los pocos ratos libres que le deja la gesti\u00f3n del <a href=\"http:\/\/www.labeondo.com\/index.htm\" target=\"_blank\">Hotel Rural Labeondo<\/a> para relajarse en buena compa\u00f1\u00eda en Itxaslur. laster arte!<\/p>\n","protected":false},"excerpt":{"rendered":"<p>Una dedicatoria especial para Josu y Pilar con los que he coincidido en dos ocasiones seguidas en esta preciosa zona de Muskiz y he pasado unos ratos agradables charlando sobre fotograf\u00eda. El pasado martes tuve un rato largo para salir a hacer fotos, as\u00ed que decid\u00ed dejar el coche en el parking de Itxaslur y [&hellip;]<\/p>\n","protected":false},"author":1,"featured_media":0,"comment_status":"open","ping_status":"open","sticky":false,"template":"","format":"standard","meta":{"ngg_post_thumbnail":0,"footnotes":""},"categories":[6],"tags":[53,19,13,271,270,269,268,88,68,57,266,265,1494,66,18,267,272,274,46,96,273],"class_list":["post-602","post","type-post","status-publish","format-standard","hentry","category-fotografia","tag-andoni-lamborena","tag-bizkaia","tag-cargadero","tag-cargadero-de-cobaron","tag-cargadero-de-itxaslur","tag-cargadero-de-metal","tag-cargadero-de-pobena","tag-fotos-de-muskiz","tag-itsaslur","tag-itxaslur","tag-la-orconera","tag-labeondo","tag-lamborena","tag-mar-cantabrico","tag-muskiz","tag-orconera","tag-ruinas","tag-ruinas-mineras","tag-singh-ray","tag-singh-ray-graduated-neutral-density-reverse","tag-vestigios-mineros","entry"],"_links":{"self":[{"href":"https:\/\/www.lamborena.com\/index.php?rest_route=\/wp\/v2\/posts\/602","targetHints":{"allow":["GET"]}}],"collection":[{"href":"https:\/\/www.lamborena.com\/index.php?rest_route=\/wp\/v2\/posts"}],"about":[{"href":"https:\/\/www.lamborena.com\/index.php?rest_route=\/wp\/v2\/types\/post"}],"author":[{"embeddable":true,"href":"https:\/\/www.lamborena.com\/index.php?rest_route=\/wp\/v2\/users\/1"}],"replies":[{"embeddable":true,"href":"https:\/\/www.lamborena.com\/index.php?rest_route=%2Fwp%2Fv2%2Fcomments&post=602"}],"version-history":[{"count":3,"href":"https:\/\/www.lamborena.com\/index.php?rest_route=\/wp\/v2\/posts\/602\/revisions"}],"predecessor-version":[{"id":605,"href":"https:\/\/www.lamborena.com\/index.php?rest_route=\/wp\/v2\/posts\/602\/revisions\/605"}],"wp:attachment":[{"href":"https:\/\/www.lamborena.com\/index.php?rest_route=%2Fwp%2Fv2%2Fmedia&parent=602"}],"wp:term":[{"taxonomy":"category","embeddable":true,"href":"https:\/\/www.lamborena.com\/index.php?rest_route=%2Fwp%2Fv2%2Fcategories&post=602"},{"taxonomy":"post_tag","embeddable":true,"href":"https:\/\/www.lamborena.com\/index.php?rest_route=%2Fwp%2Fv2%2Ftags&post=602"}],"curies":[{"name":"wp","href":"https:\/\/api.w.org\/{rel}","templated":true}]}}