{"id":610,"date":"2009-07-12T09:39:56","date_gmt":"2009-07-12T07:39:56","guid":{"rendered":"http:\/\/www.lamborena.com\/?p=610"},"modified":"2009-07-12T09:40:21","modified_gmt":"2009-07-12T07:40:21","slug":"show-me-the-way","status":"publish","type":"post","link":"https:\/\/www.lamborena.com\/?p=610","title":{"rendered":"Show me the way"},"content":{"rendered":"<p style=\"text-align: justify;\">\u00abEnse\u00f1ame el camino\u00bb o \u00abErakutsidazu bidea\u00bb. Es lo que me sugiri\u00f3 la piedra protagonista de esta foto tomada en La Juncosa la semana pasada. Tiene el rol de protagonista por encontrarse en primer plano y emergiendo del agua en contraposici\u00f3n con sus vecinas que aparecen completamente sumergidas.<\/p>\n<p style=\"text-align: justify;\">Puede verse que es una exposici\u00f3n larga por el moviemiento de las nubes en la parte superior, de hecho tiene 2 minutos y tres segundos de exposici\u00f3n. La abertura utilizada fue f14 con el Sigma 10-20 a 10mm y el singh ray enverso en la parte frontal. El formato vertical se me hizo necesario para incluir en la toma tan solo los elementos justos.<\/p>\n<p style=\"text-align: justify;\">El procesado est\u00e1 basado en un ajuste de balance de blancos de 6400K. Es la primera de una corta serie que os voy a presentar. Espero que os guste.<\/p>\n<p style=\"text-align: justify;\">Hoy me voy a la playa y luego de celebraci\u00f3n familiar as\u00ed que no creo que pueda escribir m\u00e1s. Bihar arte!<\/p>\n<p style=\"text-align: center;\"><img decoding=\"async\" style=\"border: 2px solid black;\" src=\"http:\/\/farm3.static.flickr.com\/2511\/3691135673_6bc62b8730.jpg\" alt=\"\" \/><\/p>\n","protected":false},"excerpt":{"rendered":"<p>\u00abEnse\u00f1ame el camino\u00bb o \u00abErakutsidazu bidea\u00bb. Es lo que me sugiri\u00f3 la piedra protagonista de esta foto tomada en La Juncosa la semana pasada. Tiene el rol de protagonista por encontrarse en primer plano y emergiendo del agua en contraposici\u00f3n con sus vecinas que aparecen completamente sumergidas. Puede verse que es una exposici\u00f3n larga por [&hellip;]<\/p>\n","protected":false},"author":1,"featured_media":0,"comment_status":"open","ping_status":"open","sticky":false,"template":"","format":"standard","meta":{"ngg_post_thumbnail":0,"footnotes":""},"categories":[6],"tags":[53,102,51,88,68,57,97,1494,18,129,63,279,178,17,218,46],"class_list":["post-610","post","type-post","status-publish","format-standard","hentry","category-fotografia","tag-andoni-lamborena","tag-cala","tag-cobaron","tag-fotos-de-muskiz","tag-itsaslur","tag-itxaslur","tag-la-juncosa","tag-lamborena","tag-muskiz","tag-muskizko-argazkiak","tag-paisaje","tag-paisaje-fotos-de-muskiz","tag-paseo-de-itxaslur","tag-playa","tag-rocas","tag-singh-ray","entry"],"_links":{"self":[{"href":"https:\/\/www.lamborena.com\/index.php?rest_route=\/wp\/v2\/posts\/610","targetHints":{"allow":["GET"]}}],"collection":[{"href":"https:\/\/www.lamborena.com\/index.php?rest_route=\/wp\/v2\/posts"}],"about":[{"href":"https:\/\/www.lamborena.com\/index.php?rest_route=\/wp\/v2\/types\/post"}],"author":[{"embeddable":true,"href":"https:\/\/www.lamborena.com\/index.php?rest_route=\/wp\/v2\/users\/1"}],"replies":[{"embeddable":true,"href":"https:\/\/www.lamborena.com\/index.php?rest_route=%2Fwp%2Fv2%2Fcomments&post=610"}],"version-history":[{"count":2,"href":"https:\/\/www.lamborena.com\/index.php?rest_route=\/wp\/v2\/posts\/610\/revisions"}],"predecessor-version":[{"id":612,"href":"https:\/\/www.lamborena.com\/index.php?rest_route=\/wp\/v2\/posts\/610\/revisions\/612"}],"wp:attachment":[{"href":"https:\/\/www.lamborena.com\/index.php?rest_route=%2Fwp%2Fv2%2Fmedia&parent=610"}],"wp:term":[{"taxonomy":"category","embeddable":true,"href":"https:\/\/www.lamborena.com\/index.php?rest_route=%2Fwp%2Fv2%2Fcategories&post=610"},{"taxonomy":"post_tag","embeddable":true,"href":"https:\/\/www.lamborena.com\/index.php?rest_route=%2Fwp%2Fv2%2Ftags&post=610"}],"curies":[{"name":"wp","href":"https:\/\/api.w.org\/{rel}","templated":true}]}}