{"id":613,"date":"2009-07-13T10:24:51","date_gmt":"2009-07-13T08:24:51","guid":{"rendered":"http:\/\/www.lamborena.com\/?p=613"},"modified":"2009-07-13T10:24:51","modified_gmt":"2009-07-13T08:24:51","slug":"verde-sumergido","status":"publish","type":"post","link":"https:\/\/www.lamborena.com\/?p=613","title":{"rendered":"Verde sumergido"},"content":{"rendered":"<p style=\"text-align: justify;\">La de hoy es la segunda toma de la serie que comenc\u00e9 a presentar ayer con \u00abShow me the way\u00bb. En esta ocasi\u00f3n se trata de una toma horizontal que al igual que su compa\u00f1era de serie realic\u00e9 con larga exposici\u00f3n.<\/p>\n<p style=\"text-align: justify;\">En esta foto destacar\u00eda el verde que tienen las rocas que aparecen sumergidas en primer plano y el brillo de la roca situada a su izquierda.<\/p>\n<p style=\"text-align: justify;\">Los par\u00e1metros t\u00e9cnicos para la toma son los siguientes: Sigma 10-20 a 15mm, ISO 100, F11 y 180 segundos con filtro polarizador y degradado inverso \u00absingh ray\u00bb.<\/p>\n<p style=\"text-align: justify;\">Esta cala es un lugar muy fotog\u00e9nico y al que me encanta ir, sobre todo con bajamar. Anoche, de camino a La Orconera, pas\u00e9 por all\u00ed y hab\u00eda varios pescadores entretenidos en sus tareas. Siempre ha sido un sitio frecuentado por ellos, de hecho he coincidido varias veces con alguno de ellos.<\/p>\n<p style=\"text-align: justify;\">Antes de dejaros con la foto os comento que m\u00e1s tarde escribir\u00e9 un nuevo post anunciandp alg\u00fan elemento m\u00e1s que voy a poner en venta a parte de los filtros cokin. Gero arte!<\/p>\n<p style=\"text-align: center;\"><img decoding=\"async\" style=\"border: 2px solid black;\" src=\"http:\/\/farm3.static.flickr.com\/2642\/3698647333_4ecffd348c.jpg\" alt=\"\" \/><\/p>\n","protected":false},"excerpt":{"rendered":"<p>La de hoy es la segunda toma de la serie que comenc\u00e9 a presentar ayer con \u00abShow me the way\u00bb. En esta ocasi\u00f3n se trata de una toma horizontal que al igual que su compa\u00f1era de serie realic\u00e9 con larga exposici\u00f3n. En esta foto destacar\u00eda el verde que tienen las rocas que aparecen sumergidas en [&hellip;]<\/p>\n","protected":false},"author":1,"featured_media":0,"comment_status":"open","ping_status":"open","sticky":false,"template":"","format":"standard","meta":{"ngg_post_thumbnail":0,"footnotes":""},"categories":[6],"tags":[53,140,51,30,73,281,1493,88,50,97,1494,66,18,129,282,194,119,46,280],"class_list":["post-613","post","type-post","status-publish","format-standard","hentry","category-fotografia","tag-andoni-lamborena","tag-cantabrico","tag-cobaron","tag-cokin","tag-degradado-inverso","tag-filtro-degradado-inverso","tag-fotografia","tag-fotos-de-muskiz","tag-kobaron","tag-la-juncosa","tag-lamborena","tag-mar-cantabrico","tag-muskiz","tag-muskizko-argazkiak","tag-paisaje-fotografia-marina","tag-polarizador","tag-polarizador-cokin","tag-singh-ray","tag-singh-ray-reverse","entry"],"_links":{"self":[{"href":"https:\/\/www.lamborena.com\/index.php?rest_route=\/wp\/v2\/posts\/613","targetHints":{"allow":["GET"]}}],"collection":[{"href":"https:\/\/www.lamborena.com\/index.php?rest_route=\/wp\/v2\/posts"}],"about":[{"href":"https:\/\/www.lamborena.com\/index.php?rest_route=\/wp\/v2\/types\/post"}],"author":[{"embeddable":true,"href":"https:\/\/www.lamborena.com\/index.php?rest_route=\/wp\/v2\/users\/1"}],"replies":[{"embeddable":true,"href":"https:\/\/www.lamborena.com\/index.php?rest_route=%2Fwp%2Fv2%2Fcomments&post=613"}],"version-history":[{"count":2,"href":"https:\/\/www.lamborena.com\/index.php?rest_route=\/wp\/v2\/posts\/613\/revisions"}],"predecessor-version":[{"id":615,"href":"https:\/\/www.lamborena.com\/index.php?rest_route=\/wp\/v2\/posts\/613\/revisions\/615"}],"wp:attachment":[{"href":"https:\/\/www.lamborena.com\/index.php?rest_route=%2Fwp%2Fv2%2Fmedia&parent=613"}],"wp:term":[{"taxonomy":"category","embeddable":true,"href":"https:\/\/www.lamborena.com\/index.php?rest_route=%2Fwp%2Fv2%2Fcategories&post=613"},{"taxonomy":"post_tag","embeddable":true,"href":"https:\/\/www.lamborena.com\/index.php?rest_route=%2Fwp%2Fv2%2Ftags&post=613"}],"curies":[{"name":"wp","href":"https:\/\/api.w.org\/{rel}","templated":true}]}}