{"id":68,"date":"2008-08-28T17:31:04","date_gmt":"2008-08-28T15:31:04","guid":{"rendered":"http:\/\/www.lamborena.com\/?p=68"},"modified":"2011-03-14T12:22:47","modified_gmt":"2011-03-14T11:22:47","slug":"una-tarde-redescubriendo-los-rincones-de-bizkaia","status":"publish","type":"post","link":"https:\/\/www.lamborena.com\/?p=68","title":{"rendered":"Una tarde redescubriendo los \u00abRincones de Bizkaia\u00bb"},"content":{"rendered":"<p style=\"text-align: justify;\"><img loading=\"lazy\" decoding=\"async\" class=\"alignleft\" style=\"float: left; border: black 2px solid;\" src=\"http:\/\/farm4.static.flickr.com\/3257\/2805796544_4cc1009f88.jpg\" alt=\"\" width=\"333\" height=\"500\" \/>Si tuviera que elegir una canci\u00f3n, ninguna ser\u00eda mejor que\u00a0 \u00abBizkaia maite\u00bb de Benito Lertxundi para presentaros el proyecto de siete magn\u00edficos fot\u00f3grafos de naturaleza llamado <a title=\"Rincones de Bizkaia\" href=\"http:\/\/www.rinconesdevizcaya.com\" target=\"_blank\">\u00abRincones de Bizkaia\u00bb<\/a>.<\/p>\n<p style=\"text-align: justify;\">Se trata seg\u00fan los autores de \u00abdar a conocer una de las provincias con mayor riqueza y diversidad paisaj\u00edstica, a trav\u00e9s de im\u00e1genes de gran calidad que muestran los lugares m\u00e1s singulares y variopintos de la geograf\u00eda vizca\u00edna.\u00bb Estas palabras extra\u00eddas de <a title=\"Rincones de Bizkaia\" href=\"http:\/\/www.rinconesdevizcaya.com\" target=\"_blank\">su web <\/a>representan una idea clara de la intenci\u00f3n de Javier Alonso Torre, I\u00f1igo Bernedo Belar, Asier Castro de la Fuente, Sergio Gonz\u00e1lez Ahedo, Jon Maeso Carre\u00f1o, Arkaitz Morales Leal y Rosa Isabel Fern\u00e1ndez, fot\u00f3grafos todos ellos que a trav\u00e9s de sus fant\u00e1sticas fotograf\u00edas llevan al visitante a conocer varios de los m\u00e1s bellos lugares de esta nuestra querida Bizkaia.<\/p>\n<p style=\"text-align: justify;\">En estos momentos se encuentran inmersos en la elaboraci\u00f3n de un reportaje especial sobre la costa de Bizkaia, por eso ayer, tres de sus miembros se acercaron a Muskiz con intenci\u00f3n de conocer in situ las caracter\u00edsticas de nuestro litoral y de recopilar material para dicho reportaje. Los visitantes a los que tuve el gusto de acompa\u00f1ar y ense\u00f1ar algunos de los rincones marinos de mi municipio fueron: <a title=\"Arkaitz Morales Leal en Rincones de Bizkaia\" href=\"http:\/\/www.rinconesdevizcaya.com\/aml\/album\/index.html\" target=\"_blank\">Arkaitz<\/a>, <a title=\"I\u00f1igo bernedo Belar en Rincones de Bizkaia\" href=\"http:\/\/www.rinconesdevizcaya.com\/ibb\/album\/index.html\" target=\"_blank\">I\u00f1igo<\/a> y <a title=\"Javier Alonso Torre en Rincones de Bizkaia\" href=\"http:\/\/www.rinconesdevizcaya.com\/jat\/album\/index.html\" target=\"_blank\">Javi<\/a>.<\/p>\n<p style=\"text-align: justify;\">Fue una tarde muy agradable en su compa\u00f1\u00eda amenizada por un interesante intercambio de pareceres en torno a la pasi\u00f3n por la fotograf\u00eda que nos une. El silencio rein\u00f3 tan solo durante los momentos que dedicamos a inmortalizar el lugar.<\/p>\n<p style=\"text-align: justify;\">Los que frecuentais el blog podeis visitar en la barra lateral de enlaces la citada web desde hace varios d\u00edas. Hoy he enlazado en esta entrada las galer\u00edas que tienen en\u00a0dicha web los tres visitantes de ayer y desde hoy podr\u00e9is ver sus galer\u00edas personales en la secci\u00f3n de \u00abgaler\u00edas de amigos\u00bb. Las galer\u00edas tanto personales como de la propia web del resto de componentes de este septeto las pod\u00e9is encontrar visitando la web <a title=\"Rincones de Bizkaia\" href=\"http:\/\/www.rinconesdevizcaya.com\" target=\"_blank\">\u00abRincones de Bizkaia\u00bb.<\/a><\/p>\n<p style=\"text-align: justify;\">Para ilustrar esta entrada os dejo las dos primeras fotos que he procesado de la sesi\u00f3n de ayer en la cala de Itxaslur. Ambas est\u00e1n realizadas con el Sigma 10-20 y con el filtro degradado inverso de tres pasos \u00absingh ray\u00bb. La vertical adem\u00e1s lleva un filtro de densidad neutra de 3 pasos y un filtro c\u00e1lido que es el que le ha dado esos tonos m\u00e1s rojizos en el cielo y nubes.<\/p>\n<p style=\"text-align: center;\"><img loading=\"lazy\" decoding=\"async\" style=\"border: black 2px solid;\" src=\"http:\/\/farm4.static.flickr.com\/3138\/2806037866_dba1c421dd.jpg\" alt=\"\" width=\"500\" height=\"333\" \/><\/p>\n<p style=\"text-align: justify;\">Espero volver a coincidir con ellos en alguna ocasi\u00f3n. Desde aqu\u00ed mi sincero agradecimiento por la buena tarde que me hicieron pasar ayer y mi deseo de que este interesant\u00edsimo proyecto que han puesto en marcha llegue a buen puerto. Ikusi arte mutilak!<\/p>\n","protected":false},"excerpt":{"rendered":"<p>Si tuviera que elegir una canci\u00f3n, ninguna ser\u00eda mejor que\u00a0 \u00abBizkaia maite\u00bb de Benito Lertxundi para presentaros el proyecto de siete magn\u00edficos fot\u00f3grafos de naturaleza llamado \u00abRincones de Bizkaia\u00bb. Se trata seg\u00fan los autores de \u00abdar a conocer una de las provincias con mayor riqueza y diversidad paisaj\u00edstica, a trav\u00e9s de im\u00e1genes de gran calidad [&hellip;]<\/p>\n","protected":false},"author":1,"featured_media":0,"comment_status":"open","ping_status":"open","sticky":false,"template":"","format":"standard","meta":{"ngg_post_thumbnail":0,"footnotes":""},"categories":[6],"tags":[],"class_list":["post-68","post","type-post","status-publish","format-standard","hentry","category-fotografia","entry"],"_links":{"self":[{"href":"https:\/\/www.lamborena.com\/index.php?rest_route=\/wp\/v2\/posts\/68","targetHints":{"allow":["GET"]}}],"collection":[{"href":"https:\/\/www.lamborena.com\/index.php?rest_route=\/wp\/v2\/posts"}],"about":[{"href":"https:\/\/www.lamborena.com\/index.php?rest_route=\/wp\/v2\/types\/post"}],"author":[{"embeddable":true,"href":"https:\/\/www.lamborena.com\/index.php?rest_route=\/wp\/v2\/users\/1"}],"replies":[{"embeddable":true,"href":"https:\/\/www.lamborena.com\/index.php?rest_route=%2Fwp%2Fv2%2Fcomments&post=68"}],"version-history":[{"count":4,"href":"https:\/\/www.lamborena.com\/index.php?rest_route=\/wp\/v2\/posts\/68\/revisions"}],"predecessor-version":[{"id":213,"href":"https:\/\/www.lamborena.com\/index.php?rest_route=\/wp\/v2\/posts\/68\/revisions\/213"}],"wp:attachment":[{"href":"https:\/\/www.lamborena.com\/index.php?rest_route=%2Fwp%2Fv2%2Fmedia&parent=68"}],"wp:term":[{"taxonomy":"category","embeddable":true,"href":"https:\/\/www.lamborena.com\/index.php?rest_route=%2Fwp%2Fv2%2Fcategories&post=68"},{"taxonomy":"post_tag","embeddable":true,"href":"https:\/\/www.lamborena.com\/index.php?rest_route=%2Fwp%2Fv2%2Ftags&post=68"}],"curies":[{"name":"wp","href":"https:\/\/api.w.org\/{rel}","templated":true}]}}