{"id":717,"date":"2009-08-07T16:58:39","date_gmt":"2009-08-07T14:58:39","guid":{"rendered":"http:\/\/www.lamborena.com\/?p=717"},"modified":"2009-08-07T16:58:39","modified_gmt":"2009-08-07T14:58:39","slug":"%c2%bfy-si-nos-juntamos-para-hablar-de-fotografia","status":"publish","type":"post","link":"https:\/\/www.lamborena.com\/?p=717","title":{"rendered":"\u00bfY si nos juntamos para hablar de fotograf\u00eda?"},"content":{"rendered":"<p>Es una idea que se viene repitiendo en las conversaciones que tengo con mi amigo <a href=\"http:\/\/www.flickr.com\/photos\/inaxio_ahedo\/\" target=\"_blank\">I\u00f1aki<\/a> desde hace un largo periodo de tiempo.<\/p>\n<p style=\"text-align: justify;\">Partiendo de la premisa de que en Muskiz somos unas cuantas personas las que compartimos la afici\u00f3n por la fotograf\u00eda y ese n\u00famero va cada d\u00eda en aumento, I\u00f1aki me propuso hace mucho tiempo ponernos a trabajar para formar una asociaci\u00f3n o similar con \u00e1nimo de juntarnos a compartir experiencias, trucos, consejos, etc. y poder a su vez organizar exposiciones, concursos o lo que se tercie, todo ello, claro est\u00e1, en el \u00e1mbito de nuestra afici\u00f3n por la fotograf\u00eda.<\/p>\n<p style=\"text-align: justify;\">Hemos dejado pasar bastante tiempo desde aquellas primeras conversaciones pero este verano hemos querido dar el paso definitivo y hemos empezado a sondear a varios aficionados y hemos recibido buenas impresiones por parte de todos aquellos con los que hemos contactado. As\u00ed a bote pronto recuerdo haber hablado con <a href=\"http:\/\/www.flickr.com\/photos\/kgorka\/\" target=\"_blank\">Gorka<\/a>, <a href=\"http:\/\/www.flickr.com\/photos\/rufinomanterolalejarza\/\" target=\"_blank\">Rufi<\/a>, <a href=\"http:\/\/www.flickr.com\/photos\/auskalo\/\" target=\"_blank\">Luismi<\/a>, <a href=\"http:\/\/www.flickr.com\/photos\/artzela\/\" target=\"_blank\">Imanol<\/a>, Alex, Jon Ander, <a href=\"http:\/\/www.photoborax.blogspot.com\/\" target=\"_blank\">Borja<\/a>, Josu, Pilar&#8230; (disculpad los que no les pongo link, pero es por desconocimiento&#8230;)<\/p>\n<p style=\"text-align: justify;\">La cuesti\u00f3n es que ahora estamos dispuestos a dar el paso de reunirnos un d\u00eda el pr\u00f3ximo mes de septiembre. Para ello la idea es la de poner varios carteles por el pueblo anunciando la fecha, hora y lugar de la reuni\u00f3n. En esta primera toma de contacto se tratar\u00eda de sondear cuanta gente estar\u00eda dispuesta a unirse a esta iniciativa. Me gustar\u00eda recalcar que el elemento que nos unir\u00eda ser\u00eda la fotograf\u00eda, independientemente del nivel que cada uno tenga y de la disciplina que practique.<\/p>\n<p style=\"text-align: justify;\">Me he tomado la libertad de hacer p\u00fablica esta cuesti\u00f3n en mi blog como primer anuncio para comprobar que repercusi\u00f3n puede tener durante este mes de agosto. Para calibrarla me gustar\u00eda que si alg\u00fan interesado lee este post deje un mensaje a modo de comentario debajo (es muy f\u00e1cil&#8230;), que por supuesto puede acompa\u00f1ar de las sugerencias que guste.<\/p>\n<p style=\"text-align: justify;\">En los pr\u00f3ximos d\u00edas iremos detallando m\u00e1s esta cuesti\u00f3n. Creo que es una iniciativa que puede resultar interesante para los aficionados a este arte y que puede ser de mucho provecho para que todos y cada uno de nosotros mejoremos en nuestro devenir fotogr\u00e1fico y podamos compartir, como dec\u00eda al principio, ilusiones, experiencias, aventuras, t\u00e9cnicas y cualquier otra cuesti\u00f3n relacionada con esta afici\u00f3n, que en mi caso al menos, se ha convertido en pasi\u00f3n&#8230;<\/p>\n<p style=\"text-align: justify;\">Laster arte, ondo ibili!<\/p>\n","protected":false},"excerpt":{"rendered":"<p>Es una idea que se viene repitiendo en las conversaciones que tengo con mi amigo I\u00f1aki desde hace un largo periodo de tiempo. Partiendo de la premisa de que en Muskiz somos unas cuantas personas las que compartimos la afici\u00f3n por la fotograf\u00eda y ese n\u00famero va cada d\u00eda en aumento, I\u00f1aki me propuso hace [&hellip;]<\/p>\n","protected":false},"author":1,"featured_media":0,"comment_status":"open","ping_status":"open","sticky":false,"template":"","format":"standard","meta":{"ngg_post_thumbnail":0,"footnotes":""},"categories":[6],"tags":[368,369,370,367,372,366,88,18,373,371],"class_list":["post-717","post","type-post","status-publish","format-standard","hentry","category-fotografia","tag-aficionados-fotografia-muskiz","tag-argazkigintza-muskiz","tag-argazkigintza-muskizen","tag-asociacion-fotografia-muskiz","tag-fotografia-muskiz","tag-fotos","tag-fotos-de-muskiz","tag-muskiz","tag-muskiz-fotos","tag-reunion-fotografos-muskiz","entry"],"_links":{"self":[{"href":"https:\/\/www.lamborena.com\/index.php?rest_route=\/wp\/v2\/posts\/717","targetHints":{"allow":["GET"]}}],"collection":[{"href":"https:\/\/www.lamborena.com\/index.php?rest_route=\/wp\/v2\/posts"}],"about":[{"href":"https:\/\/www.lamborena.com\/index.php?rest_route=\/wp\/v2\/types\/post"}],"author":[{"embeddable":true,"href":"https:\/\/www.lamborena.com\/index.php?rest_route=\/wp\/v2\/users\/1"}],"replies":[{"embeddable":true,"href":"https:\/\/www.lamborena.com\/index.php?rest_route=%2Fwp%2Fv2%2Fcomments&post=717"}],"version-history":[{"count":2,"href":"https:\/\/www.lamborena.com\/index.php?rest_route=\/wp\/v2\/posts\/717\/revisions"}],"predecessor-version":[{"id":719,"href":"https:\/\/www.lamborena.com\/index.php?rest_route=\/wp\/v2\/posts\/717\/revisions\/719"}],"wp:attachment":[{"href":"https:\/\/www.lamborena.com\/index.php?rest_route=%2Fwp%2Fv2%2Fmedia&parent=717"}],"wp:term":[{"taxonomy":"category","embeddable":true,"href":"https:\/\/www.lamborena.com\/index.php?rest_route=%2Fwp%2Fv2%2Fcategories&post=717"},{"taxonomy":"post_tag","embeddable":true,"href":"https:\/\/www.lamborena.com\/index.php?rest_route=%2Fwp%2Fv2%2Ftags&post=717"}],"curies":[{"name":"wp","href":"https:\/\/api.w.org\/{rel}","templated":true}]}}