{"id":720,"date":"2009-08-08T14:06:14","date_gmt":"2009-08-08T12:06:14","guid":{"rendered":"http:\/\/www.lamborena.com\/?p=720"},"modified":"2009-08-08T14:06:56","modified_gmt":"2009-08-08T12:06:56","slug":"desde-la-orconera","status":"publish","type":"post","link":"https:\/\/www.lamborena.com\/?p=720","title":{"rendered":"Desde La Orconera"},"content":{"rendered":"<p style=\"text-align: justify;\">8 de Agosto. Hoy le toca el turno a la segunda toma de una serie que os present\u00e9 recientemente y que realic\u00e9 un atardecer de julio en La Orconera.<\/p>\n<p style=\"text-align: justify;\">La de hoy es la versi\u00f3n horizontal, con una visi\u00f3n m\u00e1s panor\u00e1mica de los alrededores y con unas plantas en primer plano que tratan de guiarnos la vista hacia el resto de la toma.<\/p>\n<p style=\"text-align: justify;\">La ejecuci\u00f3n no tiene ning\u00fan misterio. He seguido el camino usual: Gran angular, filtros degradados y larga exposici\u00f3n&#8230;<\/p>\n<p style=\"text-align: justify;\">Tengo unas ganas inmensas de bajar a ese pozo que se ve en la parte de abajo. Esperar\u00e9 a la pr\u00f3xima bajamar, aunque se me est\u00e1n empezando a acumular los sitios para visitar con la siguiente bajamar nocturna&#8230;<\/p>\n<p style=\"text-align: justify;\">Os dejo con la toma y os recuerdo que ech\u00e9is un ojo al post de ayer sobre la creaci\u00f3n de una asociaci\u00f3n o agrupaci\u00f3n en Muskiz.<\/p>\n<p style=\"text-align: center;\"><img decoding=\"async\" style=\"border: 2px solid black;\" src=\"http:\/\/farm3.static.flickr.com\/2443\/3744376022_1ea3a4da31.jpg\" alt=\"\" \/><\/p>\n","protected":false},"excerpt":{"rendered":"<p>8 de Agosto. Hoy le toca el turno a la segunda toma de una serie que os present\u00e9 recientemente y que realic\u00e9 un atardecer de julio en La Orconera. La de hoy es la versi\u00f3n horizontal, con una visi\u00f3n m\u00e1s panor\u00e1mica de los alrededores y con unas plantas en primer plano que tratan de guiarnos [&hellip;]<\/p>\n","protected":false},"author":1,"featured_media":0,"comment_status":"open","ping_status":"open","sticky":false,"template":"","format":"standard","meta":{"ngg_post_thumbnail":0,"footnotes":""},"categories":[6],"tags":[141,53,51,88,275,57,50,266,1494,18,61],"class_list":["post-720","post","type-post","status-publish","format-standard","hentry","category-fotografia","tag-anadir-etiqueta-nueva","tag-andoni-lamborena","tag-cobaron","tag-fotos-de-muskiz","tag-hitech","tag-itxaslur","tag-kobaron","tag-la-orconera","tag-lamborena","tag-muskiz","tag-pobena","entry"],"_links":{"self":[{"href":"https:\/\/www.lamborena.com\/index.php?rest_route=\/wp\/v2\/posts\/720","targetHints":{"allow":["GET"]}}],"collection":[{"href":"https:\/\/www.lamborena.com\/index.php?rest_route=\/wp\/v2\/posts"}],"about":[{"href":"https:\/\/www.lamborena.com\/index.php?rest_route=\/wp\/v2\/types\/post"}],"author":[{"embeddable":true,"href":"https:\/\/www.lamborena.com\/index.php?rest_route=\/wp\/v2\/users\/1"}],"replies":[{"embeddable":true,"href":"https:\/\/www.lamborena.com\/index.php?rest_route=%2Fwp%2Fv2%2Fcomments&post=720"}],"version-history":[{"count":2,"href":"https:\/\/www.lamborena.com\/index.php?rest_route=\/wp\/v2\/posts\/720\/revisions"}],"predecessor-version":[{"id":722,"href":"https:\/\/www.lamborena.com\/index.php?rest_route=\/wp\/v2\/posts\/720\/revisions\/722"}],"wp:attachment":[{"href":"https:\/\/www.lamborena.com\/index.php?rest_route=%2Fwp%2Fv2%2Fmedia&parent=720"}],"wp:term":[{"taxonomy":"category","embeddable":true,"href":"https:\/\/www.lamborena.com\/index.php?rest_route=%2Fwp%2Fv2%2Fcategories&post=720"},{"taxonomy":"post_tag","embeddable":true,"href":"https:\/\/www.lamborena.com\/index.php?rest_route=%2Fwp%2Fv2%2Ftags&post=720"}],"curies":[{"name":"wp","href":"https:\/\/api.w.org\/{rel}","templated":true}]}}