{"id":742,"date":"2009-08-16T13:58:28","date_gmt":"2009-08-16T11:58:28","guid":{"rendered":"http:\/\/www.lamborena.com\/?p=742"},"modified":"2009-08-16T14:02:13","modified_gmt":"2009-08-16T12:02:13","slug":"la-arena-relax","status":"publish","type":"post","link":"https:\/\/www.lamborena.com\/?p=742","title":{"rendered":"La Arena, relax"},"content":{"rendered":"<p style=\"text-align: justify;\">Segunda toma de una serie que os present\u00e9 a principios de semana a trav\u00e9s de la fotograf\u00eda titulada \u00abLa Arena bero\u00bb. En esta ocasi\u00f3n se trata de una foto en formato horizontal ambientada con efecto de agua sedosa, varias piedras en primer plano y un peque\u00f1o grupo de gaviotas en el plano medio.<\/p>\n<p style=\"text-align: justify;\">La foto es del pasado d\u00eda de San Ignacio. La realic\u00e9 con el 10-20 a a 16mm, ISo 100, f16 y con 8 segundos de exposici\u00f3n apoyado en dos filtros degradados, uno inverso y el otro com\u00fan, de transici\u00f3n suave.<\/p>\n<p style=\"text-align: justify;\">Es domingo y no tengo mucho tiempo para escribir, as\u00ed que os voy a dejar con la foto, que a mi al menos, me transmite sensaci\u00f3n de relax. Bihar arte!<\/p>\n<p style=\"text-align: center;\"><img loading=\"lazy\" decoding=\"async\" style=\"border: black 2px solid;\" src=\"http:\/\/farm4.static.flickr.com\/3429\/3806699029_393977e073.jpg\" alt=\"\" width=\"500\" height=\"333\" \/><\/p>\n","protected":false},"excerpt":{"rendered":"<p>Segunda toma de una serie que os present\u00e9 a principios de semana a trav\u00e9s de la fotograf\u00eda titulada \u00abLa Arena bero\u00bb. En esta ocasi\u00f3n se trata de una foto en formato horizontal ambientada con efecto de agua sedosa, varias piedras en primer plano y un peque\u00f1o grupo de gaviotas en el plano medio. La foto [&hellip;]<\/p>\n","protected":false},"author":1,"featured_media":0,"comment_status":"open","ping_status":"open","sticky":false,"template":"","format":"standard","meta":{"ngg_post_thumbnail":0,"footnotes":""},"categories":[6],"tags":[53,19,360,375,361,378,88,387,275,276,388,7,389,1494,18,129,39,156,82,72],"class_list":["post-742","post","type-post","status-publish","format-standard","hentry","category-fotografia","tag-andoni-lamborena","tag-bizkaia","tag-filtros-degradados-neutros","tag-filtros-formatt","tag-filtros-hitech","tag-formatt","tag-fotos-de-muskiz","tag-fotos-de-zierbena","tag-hitech","tag-hitech-filters","tag-hitech-formatt","tag-la-arena","tag-la-arena-muskiz","tag-lamborena","tag-muskiz","tag-muskizko-argazkiak","tag-playa-de-la-arena","tag-playa-de-muskiz","tag-playa-la-arena","tag-zierbena","entry"],"_links":{"self":[{"href":"https:\/\/www.lamborena.com\/index.php?rest_route=\/wp\/v2\/posts\/742","targetHints":{"allow":["GET"]}}],"collection":[{"href":"https:\/\/www.lamborena.com\/index.php?rest_route=\/wp\/v2\/posts"}],"about":[{"href":"https:\/\/www.lamborena.com\/index.php?rest_route=\/wp\/v2\/types\/post"}],"author":[{"embeddable":true,"href":"https:\/\/www.lamborena.com\/index.php?rest_route=\/wp\/v2\/users\/1"}],"replies":[{"embeddable":true,"href":"https:\/\/www.lamborena.com\/index.php?rest_route=%2Fwp%2Fv2%2Fcomments&post=742"}],"version-history":[{"count":4,"href":"https:\/\/www.lamborena.com\/index.php?rest_route=\/wp\/v2\/posts\/742\/revisions"}],"predecessor-version":[{"id":744,"href":"https:\/\/www.lamborena.com\/index.php?rest_route=\/wp\/v2\/posts\/742\/revisions\/744"}],"wp:attachment":[{"href":"https:\/\/www.lamborena.com\/index.php?rest_route=%2Fwp%2Fv2%2Fmedia&parent=742"}],"wp:term":[{"taxonomy":"category","embeddable":true,"href":"https:\/\/www.lamborena.com\/index.php?rest_route=%2Fwp%2Fv2%2Fcategories&post=742"},{"taxonomy":"post_tag","embeddable":true,"href":"https:\/\/www.lamborena.com\/index.php?rest_route=%2Fwp%2Fv2%2Ftags&post=742"}],"curies":[{"name":"wp","href":"https:\/\/api.w.org\/{rel}","templated":true}]}}