{"id":76,"date":"2008-09-18T14:51:45","date_gmt":"2008-09-18T12:51:45","guid":{"rendered":"http:\/\/www.lamborena.com\/?p=76"},"modified":"2008-12-20T00:08:48","modified_gmt":"2008-12-19T22:08:48","slug":"piquillo-onton-cantabria","status":"publish","type":"post","link":"https:\/\/www.lamborena.com\/?p=76","title":{"rendered":"Piquillo, Ont\u00f3n, Cantabria"},"content":{"rendered":"<p style=\"text-align: center;\"><img loading=\"lazy\" decoding=\"async\" style=\"border: black 2px solid;\" src=\"http:\/\/farm3.static.flickr.com\/2206\/2383932000_21ce7a08c5.jpg\" alt=\"\" width=\"500\" height=\"333\" \/><\/p>\n<p style=\"text-align: justify;\">Es un lugar que me trae buenos recuerdos de mi ni\u00f1ez. Cerca de all\u00ed me llev\u00f3 en alguna ocasi\u00f3n mi t\u00edo Ricardo a pescar y guardo en la memoria aquellas divertidas jornadas en Solape\u00f1a. Tambi\u00e9n he solido pasear en familia en nnumerables ocasiones y por eso le tengo un cari\u00f1o especial al lugar&#8230;<\/p>\n<p style=\"text-align: justify;\">Hace varios meses paseando con la familia hice un par de fotos del lugar y al verlas en pantalla me encandilaron. Aquel d\u00eda el Cant\u00e1brico estaba de un color turquesa muy intenso y se reflejo perdectamente en las tomas. Al ver el buen resultado de ambas, me anim\u00e9 a volver unas cuantas veces en las siguientes semanas, incluso a ver amanecer desde all\u00ed. En aquellas siguientes ocasiones no tuve tanta suerte con la luz&#8230;<\/p>\n<p style=\"text-align: center;\"><img loading=\"lazy\" decoding=\"async\" style=\"border: black 2px solid;\" src=\"http:\/\/farm4.static.flickr.com\/3038\/2383039899_b7920ce7fd.jpg\" alt=\"\" width=\"500\" height=\"333\" \/><\/p>\n","protected":false},"excerpt":{"rendered":"<p>Es un lugar que me trae buenos recuerdos de mi ni\u00f1ez. Cerca de all\u00ed me llev\u00f3 en alguna ocasi\u00f3n mi t\u00edo Ricardo a pescar y guardo en la memoria aquellas divertidas jornadas en Solape\u00f1a. Tambi\u00e9n he solido pasear en familia en nnumerables ocasiones y por eso le tengo un cari\u00f1o especial al lugar&#8230; Hace varios [&hellip;]<\/p>\n","protected":false},"author":1,"featured_media":0,"comment_status":"open","ping_status":"open","sticky":false,"template":"","format":"standard","meta":{"ngg_post_thumbnail":0,"footnotes":""},"categories":[6],"tags":[],"class_list":["post-76","post","type-post","status-publish","format-standard","hentry","category-fotografia","entry"],"_links":{"self":[{"href":"https:\/\/www.lamborena.com\/index.php?rest_route=\/wp\/v2\/posts\/76","targetHints":{"allow":["GET"]}}],"collection":[{"href":"https:\/\/www.lamborena.com\/index.php?rest_route=\/wp\/v2\/posts"}],"about":[{"href":"https:\/\/www.lamborena.com\/index.php?rest_route=\/wp\/v2\/types\/post"}],"author":[{"embeddable":true,"href":"https:\/\/www.lamborena.com\/index.php?rest_route=\/wp\/v2\/users\/1"}],"replies":[{"embeddable":true,"href":"https:\/\/www.lamborena.com\/index.php?rest_route=%2Fwp%2Fv2%2Fcomments&post=76"}],"version-history":[{"count":1,"href":"https:\/\/www.lamborena.com\/index.php?rest_route=\/wp\/v2\/posts\/76\/revisions"}],"predecessor-version":[{"id":205,"href":"https:\/\/www.lamborena.com\/index.php?rest_route=\/wp\/v2\/posts\/76\/revisions\/205"}],"wp:attachment":[{"href":"https:\/\/www.lamborena.com\/index.php?rest_route=%2Fwp%2Fv2%2Fmedia&parent=76"}],"wp:term":[{"taxonomy":"category","embeddable":true,"href":"https:\/\/www.lamborena.com\/index.php?rest_route=%2Fwp%2Fv2%2Fcategories&post=76"},{"taxonomy":"post_tag","embeddable":true,"href":"https:\/\/www.lamborena.com\/index.php?rest_route=%2Fwp%2Fv2%2Ftags&post=76"}],"curies":[{"name":"wp","href":"https:\/\/api.w.org\/{rel}","templated":true}]}}