{"id":799,"date":"2009-09-04T16:32:10","date_gmt":"2009-09-04T14:32:10","guid":{"rendered":"http:\/\/www.lamborena.com\/?p=799"},"modified":"2009-09-04T16:32:10","modified_gmt":"2009-09-04T14:32:10","slug":"la-cercada-uda-amaieran","status":"publish","type":"post","link":"https:\/\/www.lamborena.com\/?p=799","title":{"rendered":"La Cercada uda amaieran"},"content":{"rendered":"<p style=\"text-align: justify;\">Una toma del pasado d\u00eda 30. Tuvimos un atardecer bastante soso por lo que decid\u00ed bajar a La Cercada y buscar un encuadre nuevo en el que incluir bastantes rocas para que ganasen protagonismo frente al cielo.<\/p>\n<p style=\"text-align: justify;\">Aprovech\u00e9 tras la puesta de sol para realizar varios disparos. De todos ellos tan s\u00f3lo me convenci\u00f3 este que os presento hoy. Creo que la planta del primer plano le da algo de gracia a la foto. Entre eso y que las formaciones rocosas de ese lugar siempre dan juego, ten\u00eda media foto hecha. El resto lo hizo un encuadre buscando la entrada del agua por la diagonal y el cielo, que aunque sin nubes, fue tomando un color bastante vistoso.<\/p>\n<p style=\"text-align: justify;\">Es viernes y termina una dura semana. La temida semana de retorno al trabajo y resto de quehac\u00e9res y obligaciones que me he buscado. Me quedan pocas ganas de escribir por hoy, as\u00ed que os dejo con la toma, que creo que es lo m\u00e1s importante. Un saludo.<\/p>\n<p style=\"text-align: center;\"><img decoding=\"async\" style=\"border: 2px solid black;\" src=\"http:\/\/farm3.static.flickr.com\/2581\/3873331861_ca98a6e1b7.jpg\" alt=\"\" \/><\/p>\n","protected":false},"excerpt":{"rendered":"<p>Una toma del pasado d\u00eda 30. Tuvimos un atardecer bastante soso por lo que decid\u00ed bajar a La Cercada y buscar un encuadre nuevo en el que incluir bastantes rocas para que ganasen protagonismo frente al cielo. Aprovech\u00e9 tras la puesta de sol para realizar varios disparos. De todos ellos tan s\u00f3lo me convenci\u00f3 este [&hellip;]<\/p>\n","protected":false},"author":1,"featured_media":0,"comment_status":"open","ping_status":"open","sticky":false,"template":"","format":"standard","meta":{"ngg_post_thumbnail":0,"footnotes":""},"categories":[6],"tags":[141,53,51,361,162,88,275,50,70,1494,18,129,46,139],"class_list":["post-799","post","type-post","status-publish","format-standard","hentry","category-fotografia","tag-anadir-etiqueta-nueva","tag-andoni-lamborena","tag-cobaron","tag-filtros-hitech","tag-filtros-singh-ray","tag-fotos-de-muskiz","tag-hitech","tag-kobaron","tag-la-cercada","tag-lamborena","tag-muskiz","tag-muskizko-argazkiak","tag-singh-ray","tag-singh-ray-inverso","entry"],"_links":{"self":[{"href":"https:\/\/www.lamborena.com\/index.php?rest_route=\/wp\/v2\/posts\/799","targetHints":{"allow":["GET"]}}],"collection":[{"href":"https:\/\/www.lamborena.com\/index.php?rest_route=\/wp\/v2\/posts"}],"about":[{"href":"https:\/\/www.lamborena.com\/index.php?rest_route=\/wp\/v2\/types\/post"}],"author":[{"embeddable":true,"href":"https:\/\/www.lamborena.com\/index.php?rest_route=\/wp\/v2\/users\/1"}],"replies":[{"embeddable":true,"href":"https:\/\/www.lamborena.com\/index.php?rest_route=%2Fwp%2Fv2%2Fcomments&post=799"}],"version-history":[{"count":1,"href":"https:\/\/www.lamborena.com\/index.php?rest_route=\/wp\/v2\/posts\/799\/revisions"}],"predecessor-version":[{"id":800,"href":"https:\/\/www.lamborena.com\/index.php?rest_route=\/wp\/v2\/posts\/799\/revisions\/800"}],"wp:attachment":[{"href":"https:\/\/www.lamborena.com\/index.php?rest_route=%2Fwp%2Fv2%2Fmedia&parent=799"}],"wp:term":[{"taxonomy":"category","embeddable":true,"href":"https:\/\/www.lamborena.com\/index.php?rest_route=%2Fwp%2Fv2%2Fcategories&post=799"},{"taxonomy":"post_tag","embeddable":true,"href":"https:\/\/www.lamborena.com\/index.php?rest_route=%2Fwp%2Fv2%2Ftags&post=799"}],"curies":[{"name":"wp","href":"https:\/\/api.w.org\/{rel}","templated":true}]}}