{"id":809,"date":"2009-09-07T12:21:31","date_gmt":"2009-09-07T10:21:31","guid":{"rendered":"http:\/\/www.lamborena.com\/?p=809"},"modified":"2009-09-07T12:21:31","modified_gmt":"2009-09-07T10:21:31","slug":"rocas-de-fondo","status":"publish","type":"post","link":"https:\/\/www.lamborena.com\/?p=809","title":{"rendered":"Rocas de fondo"},"content":{"rendered":"<p style=\"text-align: justify;\">He tenido esta foto guardada en el disco duro desde hace m\u00e1s de un mes hasta que hace un par de d\u00edas me decid\u00ed a subirla a Flickr. La ten\u00eda en cuarentena porque desde que la vi me produce sensaciones contradictorias. Parece que las sensaciones postivas han vencidolo largo de este largo mes\u00a0a a las negativas. Suele pasar&#8230;<\/p>\n<p style=\"text-align: justify;\">Entre las sensaciones negativas estaba el que el fondo borroso pudiese distraer en exceso la atenci\u00f3n del resto de la foto. Para tratar de compensar esa sensaci\u00f3n ubiqu\u00e9 un trozo de roca en primer plano con intenci\u00f3n de marcar diferencia entre los elementos definidos y esa parte borrosa por efecto del agua.<\/p>\n<p style=\"text-align: justify;\">Entre las sensaciones positivas encontraba el cielo oscuro, la peque\u00f1a aparici\u00f3n de Punta Lucero al fondo, las rocas que emergen del agua en el centro de la composici\u00f3n y por \u00faltimo, las l\u00edneas curvas que se aprecian en el fondo bajo el agua.<\/p>\n<p style=\"text-align: justify;\">Esta foto est\u00e1 tomada a 10mm con el Sigma 10-20 (16mm equiv), ISO 100, F11 y 123 segundos de exposici\u00f3n en modo B con polarizador circular y degradado neutro. Es la \u00faltima que he procesado de la serie de aquel 5 de agosto en compa\u00f1\u00eda de Gorka en la zona derecha de La Juncosa.<\/p>\n<p style=\"text-align: justify;\">Os dejo con ella.<\/p>\n<p style=\"text-align: center;\"><img loading=\"lazy\" decoding=\"async\" style=\"border: black 2px solid;\" src=\"http:\/\/farm3.static.flickr.com\/2580\/3889481530_d0939c02fb.jpg\" alt=\"\" width=\"333\" height=\"500\" \/><\/p>\n<p style=\"text-align: justify;\">P.D. Esta semana tendreis alguna noticia sobre la futura Agrupaci\u00f3n de fotograf\u00eda de Muskiz.<\/p>\n<p style=\"text-align: justify;\">P.D.II. El post se deber\u00eda de publicar a las 12:00PM.<\/p>\n","protected":false},"excerpt":{"rendered":"<p>He tenido esta foto guardada en el disco duro desde hace m\u00e1s de un mes hasta que hace un par de d\u00edas me decid\u00ed a subirla a Flickr. La ten\u00eda en cuarentena porque desde que la vi me produce sensaciones contradictorias. Parece que las sensaciones postivas han vencidolo largo de este largo mes\u00a0a a las [&hellip;]<\/p>\n","protected":false},"author":1,"featured_media":0,"comment_status":"open","ping_status":"open","sticky":false,"template":"","format":"standard","meta":{"ngg_post_thumbnail":0,"footnotes":""},"categories":[6],"tags":[53,51,30,151,361,88,275,57,50,97,1494,18,129,63],"class_list":["post-809","post","type-post","status-publish","format-standard","hentry","category-fotografia","tag-andoni-lamborena","tag-cobaron","tag-cokin","tag-filtros-cokin","tag-filtros-hitech","tag-fotos-de-muskiz","tag-hitech","tag-itxaslur","tag-kobaron","tag-la-juncosa","tag-lamborena","tag-muskiz","tag-muskizko-argazkiak","tag-paisaje","entry"],"_links":{"self":[{"href":"https:\/\/www.lamborena.com\/index.php?rest_route=\/wp\/v2\/posts\/809","targetHints":{"allow":["GET"]}}],"collection":[{"href":"https:\/\/www.lamborena.com\/index.php?rest_route=\/wp\/v2\/posts"}],"about":[{"href":"https:\/\/www.lamborena.com\/index.php?rest_route=\/wp\/v2\/types\/post"}],"author":[{"embeddable":true,"href":"https:\/\/www.lamborena.com\/index.php?rest_route=\/wp\/v2\/users\/1"}],"replies":[{"embeddable":true,"href":"https:\/\/www.lamborena.com\/index.php?rest_route=%2Fwp%2Fv2%2Fcomments&post=809"}],"version-history":[{"count":1,"href":"https:\/\/www.lamborena.com\/index.php?rest_route=\/wp\/v2\/posts\/809\/revisions"}],"predecessor-version":[{"id":810,"href":"https:\/\/www.lamborena.com\/index.php?rest_route=\/wp\/v2\/posts\/809\/revisions\/810"}],"wp:attachment":[{"href":"https:\/\/www.lamborena.com\/index.php?rest_route=%2Fwp%2Fv2%2Fmedia&parent=809"}],"wp:term":[{"taxonomy":"category","embeddable":true,"href":"https:\/\/www.lamborena.com\/index.php?rest_route=%2Fwp%2Fv2%2Fcategories&post=809"},{"taxonomy":"post_tag","embeddable":true,"href":"https:\/\/www.lamborena.com\/index.php?rest_route=%2Fwp%2Fv2%2Ftags&post=809"}],"curies":[{"name":"wp","href":"https:\/\/api.w.org\/{rel}","templated":true}]}}