{"id":811,"date":"2009-09-08T09:45:48","date_gmt":"2009-09-08T07:45:48","guid":{"rendered":"http:\/\/www.lamborena.com\/?p=811"},"modified":"2009-09-08T09:45:48","modified_gmt":"2009-09-08T07:45:48","slug":"asomando-en-la-juncosa-bego-eta-garirentzat","status":"publish","type":"post","link":"https:\/\/www.lamborena.com\/?p=811","title":{"rendered":"Asomando en La Juncosa, Bego eta Garirentzat"},"content":{"rendered":"<p style=\"text-align: justify;\">Permitidme hoy que les dedique esta foto a mis amigos Bego y Gari para tratar de ayudarles en la medida de lo posible a olvidar el mal trago por el que est\u00e1n pasando. Besarkada handi bat lagunak!<\/p>\n<p style=\"text-align: justify;\">Hoy es el d\u00eda de El Socorro, fiesta patronal en Pobe\u00f1a, Muskiz. En breve saldr\u00e9 hacia ese precioso barrio con la intenci\u00f3n de acompa\u00f1ar a sus vecinos en la tradicional procesi\u00f3n que realizan con la Virgen desde la ermita de El Socorro hasta la bas\u00edlica de San Nicol\u00e1s de Bari. Pero antes me gustar\u00eda dejaros con una toma de mi \u00faltima salida que he subido a la red.<\/p>\n<p style=\"text-align: justify;\">Se trata de una foto captada en La Juncosa el pasado d\u00eda 3. En esta trat\u00e9 de conseguir un efecto seda acusado entre las rocas. Para ello utilic\u00e9 un filtro de densidad neutra de tres diafragmas, un polarizador circular y por \u00faltimo, para compensar la luz del cielo, un filtro degradado inverso de otros tres diafragmas. Con todo ello, consegu\u00ed una exposici\u00f3n de m\u00e1s de dos minutos.<\/p>\n<p style=\"text-align: justify;\">Ando con prisa as\u00ed que os voy a dejar ya con la toma. Laster arte!<\/p>\n<p style=\"text-align: center;\"><img decoding=\"async\" style=\"border: 2px solid black;\" src=\"http:\/\/farm3.static.flickr.com\/2421\/3896687282_8c9b58ace6.jpg\" alt=\"\" \/><\/p>\n","protected":false},"excerpt":{"rendered":"<p>Permitidme hoy que les dedique esta foto a mis amigos Bego y Gari para tratar de ayudarles en la medida de lo posible a olvidar el mal trago por el que est\u00e1n pasando. Besarkada handi bat lagunak! Hoy es el d\u00eda de El Socorro, fiesta patronal en Pobe\u00f1a, Muskiz. En breve saldr\u00e9 hacia ese precioso [&hellip;]<\/p>\n","protected":false},"author":1,"featured_media":0,"comment_status":"open","ping_status":"open","sticky":false,"template":"","format":"standard","meta":{"ngg_post_thumbnail":0,"footnotes":""},"categories":[6],"tags":[53,51,30,361,88,275,50,97,1494,18,119,46,139,100,280],"class_list":["post-811","post","type-post","status-publish","format-standard","hentry","category-fotografia","tag-andoni-lamborena","tag-cobaron","tag-cokin","tag-filtros-hitech","tag-fotos-de-muskiz","tag-hitech","tag-kobaron","tag-la-juncosa","tag-lamborena","tag-muskiz","tag-polarizador-cokin","tag-singh-ray","tag-singh-ray-inverso","tag-singh-ray-neutral-density-graduated-reverse","tag-singh-ray-reverse","entry"],"_links":{"self":[{"href":"https:\/\/www.lamborena.com\/index.php?rest_route=\/wp\/v2\/posts\/811","targetHints":{"allow":["GET"]}}],"collection":[{"href":"https:\/\/www.lamborena.com\/index.php?rest_route=\/wp\/v2\/posts"}],"about":[{"href":"https:\/\/www.lamborena.com\/index.php?rest_route=\/wp\/v2\/types\/post"}],"author":[{"embeddable":true,"href":"https:\/\/www.lamborena.com\/index.php?rest_route=\/wp\/v2\/users\/1"}],"replies":[{"embeddable":true,"href":"https:\/\/www.lamborena.com\/index.php?rest_route=%2Fwp%2Fv2%2Fcomments&post=811"}],"version-history":[{"count":1,"href":"https:\/\/www.lamborena.com\/index.php?rest_route=\/wp\/v2\/posts\/811\/revisions"}],"predecessor-version":[{"id":812,"href":"https:\/\/www.lamborena.com\/index.php?rest_route=\/wp\/v2\/posts\/811\/revisions\/812"}],"wp:attachment":[{"href":"https:\/\/www.lamborena.com\/index.php?rest_route=%2Fwp%2Fv2%2Fmedia&parent=811"}],"wp:term":[{"taxonomy":"category","embeddable":true,"href":"https:\/\/www.lamborena.com\/index.php?rest_route=%2Fwp%2Fv2%2Fcategories&post=811"},{"taxonomy":"post_tag","embeddable":true,"href":"https:\/\/www.lamborena.com\/index.php?rest_route=%2Fwp%2Fv2%2Ftags&post=811"}],"curies":[{"name":"wp","href":"https:\/\/api.w.org\/{rel}","templated":true}]}}