{"id":821,"date":"2009-09-14T00:12:05","date_gmt":"2009-09-13T22:12:05","guid":{"rendered":"http:\/\/www.lamborena.com\/?p=821"},"modified":"2009-09-14T00:12:05","modified_gmt":"2009-09-13T22:12:05","slug":"ya-tenemos-fecha","status":"publish","type":"post","link":"https:\/\/www.lamborena.com\/?p=821","title":{"rendered":"Ya tenemos fecha&#8230;"},"content":{"rendered":"<p style=\"text-align: justify;\">Fecha para la reuni\u00f3n de aficionados a la fotograf\u00eda de Muskiz. La reuni\u00f3n ser\u00e1 el pr\u00f3ximo d\u00eda 2 de octubre, viernes, a las 19:00 en el Gaztegune de Muskiz.<\/p>\n<p style=\"text-align: justify;\">Como ya os coment\u00e9 en otro post, la intenci\u00f3n es la de sentar las bases para crear una asociaci\u00f3n de aficionados a la fotograf\u00eda en Muskiz. Todo el mundo ser\u00e1 bienvenido a esta toma de contacto que nos servir\u00e1 para sondear cuanta gente puede estar interesada en la iniciativa.<\/p>\n<p style=\"text-align: justify;\">A lo largo de esta semana iremos preparando carteles para anunciar por el pueblo esta convocatoria y los pegaremos a principios de la semana en cuesti\u00f3n. Seguir\u00e9 informando desde mi blog. Ya queda menos&#8230;<\/p>\n<p style=\"text-align: justify;\">Bihar arte!<\/p>\n","protected":false},"excerpt":{"rendered":"<p>Fecha para la reuni\u00f3n de aficionados a la fotograf\u00eda de Muskiz. La reuni\u00f3n ser\u00e1 el pr\u00f3ximo d\u00eda 2 de octubre, viernes, a las 19:00 en el Gaztegune de Muskiz. Como ya os coment\u00e9 en otro post, la intenci\u00f3n es la de sentar las bases para crear una asociaci\u00f3n de aficionados a la fotograf\u00eda en Muskiz. [&hellip;]<\/p>\n","protected":false},"author":1,"featured_media":0,"comment_status":"open","ping_status":"open","sticky":false,"template":"","format":"standard","meta":{"ngg_post_thumbnail":0,"footnotes":""},"categories":[6],"tags":[368,369,372,1494,18],"class_list":["post-821","post","type-post","status-publish","format-standard","hentry","category-fotografia","tag-aficionados-fotografia-muskiz","tag-argazkigintza-muskiz","tag-fotografia-muskiz","tag-lamborena","tag-muskiz","entry"],"_links":{"self":[{"href":"https:\/\/www.lamborena.com\/index.php?rest_route=\/wp\/v2\/posts\/821","targetHints":{"allow":["GET"]}}],"collection":[{"href":"https:\/\/www.lamborena.com\/index.php?rest_route=\/wp\/v2\/posts"}],"about":[{"href":"https:\/\/www.lamborena.com\/index.php?rest_route=\/wp\/v2\/types\/post"}],"author":[{"embeddable":true,"href":"https:\/\/www.lamborena.com\/index.php?rest_route=\/wp\/v2\/users\/1"}],"replies":[{"embeddable":true,"href":"https:\/\/www.lamborena.com\/index.php?rest_route=%2Fwp%2Fv2%2Fcomments&post=821"}],"version-history":[{"count":1,"href":"https:\/\/www.lamborena.com\/index.php?rest_route=\/wp\/v2\/posts\/821\/revisions"}],"predecessor-version":[{"id":822,"href":"https:\/\/www.lamborena.com\/index.php?rest_route=\/wp\/v2\/posts\/821\/revisions\/822"}],"wp:attachment":[{"href":"https:\/\/www.lamborena.com\/index.php?rest_route=%2Fwp%2Fv2%2Fmedia&parent=821"}],"wp:term":[{"taxonomy":"category","embeddable":true,"href":"https:\/\/www.lamborena.com\/index.php?rest_route=%2Fwp%2Fv2%2Fcategories&post=821"},{"taxonomy":"post_tag","embeddable":true,"href":"https:\/\/www.lamborena.com\/index.php?rest_route=%2Fwp%2Fv2%2Ftags&post=821"}],"curies":[{"name":"wp","href":"https:\/\/api.w.org\/{rel}","templated":true}]}}