{"id":830,"date":"2009-09-20T23:38:42","date_gmt":"2009-09-20T21:38:42","guid":{"rendered":"http:\/\/www.lamborena.com\/?p=830"},"modified":"2009-09-20T23:38:42","modified_gmt":"2009-09-20T21:38:42","slug":"sequia-again","status":"publish","type":"post","link":"https:\/\/www.lamborena.com\/?p=830","title":{"rendered":"Sequ\u00eda, again&#8230;"},"content":{"rendered":"<p>Estamos en \u00e9poca postvacacional y mis maltrechas arcas fotogr\u00e1ficas lo est\u00e1n notando en demas\u00eda&#8230;<\/p>\n<p>No tengo nada nuevo que ofrecer estos d\u00edas as\u00ed que habr\u00e1 que tirar de archivo para poder subir alguna foto al blog. He pensado en subir un par de fotos que llevan justo dos a\u00f1os en mi galer\u00eda de flickr. Son dos fotos con el mismo encuadre y ambiente minimalista en las que se puede apreciar la influencia de un filtro. Una de ellas est\u00e1 hecha sin ning\u00fan filtro y la otra tiene un Cokin degradado Tobacco. El efecto, como ver\u00e9is, es muy curioso.<\/p>\n<p>Son de las primeras fotos que empec\u00e9 a hacer utilizando filtros degradados, as\u00ed que me traen muy buen recuerdo. Por aquel entonces experimentaba algo menos que ahora y sobre todo, me acercaba mucho menos al mar&#8230; Est\u00e1n reaizadas con el Canon EF-S 17-85 IS a 85mm, F8, ISO 100 y 1\/15s de velocidad la primera y a 1\/10 la segunda, la que lleva el degradado Tobacco.<\/p>\n<p>Os dejo con ellas. A ver si esta semana mejora el tiempo y puedo salir a hacer alguna foto. Ondo izan!<\/p>\n<p style=\"text-align: center;\"><img decoding=\"async\" style=\"border: 2px solid black;\" src=\"http:\/\/farm2.static.flickr.com\/1055\/1412478423_566cd67b8a.jpg\" alt=\"\" \/><\/p>\n<p style=\"text-align: center;\"><img decoding=\"async\" style=\"border: 2px solid black;\" src=\"http:\/\/farm2.static.flickr.com\/1358\/1413361726_f5d73a8093.jpg\" alt=\"\" \/><\/p>\n","protected":false},"excerpt":{"rendered":"<p>Estamos en \u00e9poca postvacacional y mis maltrechas arcas fotogr\u00e1ficas lo est\u00e1n notando en demas\u00eda&#8230; No tengo nada nuevo que ofrecer estos d\u00edas as\u00ed que habr\u00e1 que tirar de archivo para poder subir alguna foto al blog. He pensado en subir un par de fotos que llevan justo dos a\u00f1os en mi galer\u00eda de flickr. Son [&hellip;]<\/p>\n","protected":false},"author":1,"featured_media":0,"comment_status":"open","ping_status":"open","sticky":false,"template":"","format":"standard","meta":{"ngg_post_thumbnail":0,"footnotes":""},"categories":[6],"tags":[53,51,88,68,57,50,1494,18,129,138,228],"class_list":["post-830","post","type-post","status-publish","format-standard","hentry","category-fotografia","tag-andoni-lamborena","tag-cobaron","tag-fotos-de-muskiz","tag-itsaslur","tag-itxaslur","tag-kobaron","tag-lamborena","tag-muskiz","tag-muskizko-argazkiak","tag-muskizko-kostaldea","tag-paisajes-de-muskiz","entry"],"_links":{"self":[{"href":"https:\/\/www.lamborena.com\/index.php?rest_route=\/wp\/v2\/posts\/830","targetHints":{"allow":["GET"]}}],"collection":[{"href":"https:\/\/www.lamborena.com\/index.php?rest_route=\/wp\/v2\/posts"}],"about":[{"href":"https:\/\/www.lamborena.com\/index.php?rest_route=\/wp\/v2\/types\/post"}],"author":[{"embeddable":true,"href":"https:\/\/www.lamborena.com\/index.php?rest_route=\/wp\/v2\/users\/1"}],"replies":[{"embeddable":true,"href":"https:\/\/www.lamborena.com\/index.php?rest_route=%2Fwp%2Fv2%2Fcomments&post=830"}],"version-history":[{"count":1,"href":"https:\/\/www.lamborena.com\/index.php?rest_route=\/wp\/v2\/posts\/830\/revisions"}],"predecessor-version":[{"id":831,"href":"https:\/\/www.lamborena.com\/index.php?rest_route=\/wp\/v2\/posts\/830\/revisions\/831"}],"wp:attachment":[{"href":"https:\/\/www.lamborena.com\/index.php?rest_route=%2Fwp%2Fv2%2Fmedia&parent=830"}],"wp:term":[{"taxonomy":"category","embeddable":true,"href":"https:\/\/www.lamborena.com\/index.php?rest_route=%2Fwp%2Fv2%2Fcategories&post=830"},{"taxonomy":"post_tag","embeddable":true,"href":"https:\/\/www.lamborena.com\/index.php?rest_route=%2Fwp%2Fv2%2Ftags&post=830"}],"curies":[{"name":"wp","href":"https:\/\/api.w.org\/{rel}","templated":true}]}}