{"id":832,"date":"2009-09-21T23:15:31","date_gmt":"2009-09-21T21:15:31","guid":{"rendered":"http:\/\/www.lamborena.com\/?p=832"},"modified":"2009-09-21T23:15:31","modified_gmt":"2009-09-21T21:15:31","slug":"hondartzako-putzuak","status":"publish","type":"post","link":"https:\/\/www.lamborena.com\/?p=832","title":{"rendered":"Hondartzako putzuak"},"content":{"rendered":"<p style=\"text-align: justify;\">Esta foto de hoy es una de esas que uno deja en la rec\u00e1mara para d\u00edas en los que la sequ\u00eda fotogr\u00e1fica se mantiene y el mono por terminar una foto puede con la voluntad.<\/p>\n<p style=\"text-align: justify;\">Sinceramente creo que de no ser por la situaci\u00f3n de escasez de fotos, esta toma se habr\u00eda quedado en el olvido y no la habr\u00eda procesado. Se nota que fue una toma r\u00e1pida, sin pensar&#8230; De hecho he tenido que corregirle un fallo que me fastidia bastante que es el del encuadre. He tenido que darle un buen recorte para meter los charcos en donde deber\u00edan haber estado desde el principio.<\/p>\n<p style=\"text-align: justify;\">Por lo dem\u00e1s, poca historia&#8230; Una foto m\u00e1s de la playa de La Arena al atardecer. No creo que pase a ocupar un sitio especial entre mis favoritas&#8230; Esta vez creo que ni siquiera merece la pena poner los datos de la captura, tan solo comentaros que utilic\u00e9 el filtro degradado inverso \u00abSingh Ray\u00bb.<\/p>\n<p style=\"text-align: justify;\">Os dejo con ella. Un saludo<\/p>\n<p style=\"text-align: center;\"><img decoding=\"async\" style=\"border: 2px solid black;\" src=\"http:\/\/farm3.static.flickr.com\/2432\/3942541964_45bc792873.jpg\" alt=\"\" \/><\/p>\n","protected":false},"excerpt":{"rendered":"<p>Esta foto de hoy es una de esas que uno deja en la rec\u00e1mara para d\u00edas en los que la sequ\u00eda fotogr\u00e1fica se mantiene y el mono por terminar una foto puede con la voluntad. Sinceramente creo que de no ser por la situaci\u00f3n de escasez de fotos, esta toma se habr\u00eda quedado en el [&hellip;]<\/p>\n","protected":false},"author":1,"featured_media":0,"comment_status":"open","ping_status":"open","sticky":false,"template":"","format":"standard","meta":{"ngg_post_thumbnail":0,"footnotes":""},"categories":[6],"tags":[53,88,71,1494,18,129,39,72],"class_list":["post-832","post","type-post","status-publish","format-standard","hentry","category-fotografia","tag-andoni-lamborena","tag-fotos-de-muskiz","tag-la-arena-hondartza","tag-lamborena","tag-muskiz","tag-muskizko-argazkiak","tag-playa-de-la-arena","tag-zierbena","entry"],"_links":{"self":[{"href":"https:\/\/www.lamborena.com\/index.php?rest_route=\/wp\/v2\/posts\/832","targetHints":{"allow":["GET"]}}],"collection":[{"href":"https:\/\/www.lamborena.com\/index.php?rest_route=\/wp\/v2\/posts"}],"about":[{"href":"https:\/\/www.lamborena.com\/index.php?rest_route=\/wp\/v2\/types\/post"}],"author":[{"embeddable":true,"href":"https:\/\/www.lamborena.com\/index.php?rest_route=\/wp\/v2\/users\/1"}],"replies":[{"embeddable":true,"href":"https:\/\/www.lamborena.com\/index.php?rest_route=%2Fwp%2Fv2%2Fcomments&post=832"}],"version-history":[{"count":1,"href":"https:\/\/www.lamborena.com\/index.php?rest_route=\/wp\/v2\/posts\/832\/revisions"}],"predecessor-version":[{"id":833,"href":"https:\/\/www.lamborena.com\/index.php?rest_route=\/wp\/v2\/posts\/832\/revisions\/833"}],"wp:attachment":[{"href":"https:\/\/www.lamborena.com\/index.php?rest_route=%2Fwp%2Fv2%2Fmedia&parent=832"}],"wp:term":[{"taxonomy":"category","embeddable":true,"href":"https:\/\/www.lamborena.com\/index.php?rest_route=%2Fwp%2Fv2%2Fcategories&post=832"},{"taxonomy":"post_tag","embeddable":true,"href":"https:\/\/www.lamborena.com\/index.php?rest_route=%2Fwp%2Fv2%2Ftags&post=832"}],"curies":[{"name":"wp","href":"https:\/\/api.w.org\/{rel}","templated":true}]}}