{"id":848,"date":"2009-09-30T14:13:02","date_gmt":"2009-09-30T12:13:02","guid":{"rendered":"http:\/\/www.lamborena.com\/?p=848"},"modified":"2009-09-30T14:14:01","modified_gmt":"2009-09-30T12:14:01","slug":"dia-d-aproximandose-quedan-dos-dias","status":"publish","type":"post","link":"https:\/\/www.lamborena.com\/?p=848","title":{"rendered":"D\u00eda D aproxim\u00e1ndose&#8230; Quedan dos d\u00edas!"},"content":{"rendered":"<p style=\"text-align: justify;\">Tan solo dos d\u00edas para que todos aquellos aficionados a la fotograf\u00eda de Muskiz que as\u00ed lo queramos nos juntemos en el Gaztegune a las 19:00 de la tarde.<\/p>\n<p style=\"text-align: justify;\">Hoy he mandado unos cuantos emails de invitaci\u00f3n a la gente que comparte afici\u00f3n conmigo y con la que ya he hablado previamente de este asunto. Tambi\u00e9n he publicado el evento en la red social Facebook para ver si tiene una m\u00ednima repercusi\u00f3n y hay gente que se entera a trav\u00e9s de ella.<\/p>\n<p style=\"text-align: justify;\">Esta tarde pondremos unos cuantos carteles por el pueblo anunciando la reuni\u00f3n. No es un cartel grandioso que digamos, pero espero que cumpla su misi\u00f3n informativa.<\/p>\n<p style=\"text-align: justify;\">Los impulsores de esta iniciativa agradecer\u00edamos que quienes le\u00e1is este post le d\u00e9is la m\u00e1xima difusi\u00f3n posible para que nadie que pudiera estar interesado se quede sin asistir.<\/p>\n<p style=\"text-align: justify;\">Os dejo con una miniatura del cartel. \u00a1Nos vemos el viernes! Ostiralean elkar ikusiko dugu!<\/p>\n<p style=\"text-align: center;\">ngg_shortcode_0_placeholder<\/p>\n<p style=\"text-align: center;\">\n","protected":false},"excerpt":{"rendered":"<p>Tan solo dos d\u00edas para que todos aquellos aficionados a la fotograf\u00eda de Muskiz que as\u00ed lo queramos nos juntemos en el Gaztegune a las 19:00 de la tarde. Hoy he mandado unos cuantos emails de invitaci\u00f3n a la gente que comparte afici\u00f3n conmigo y con la que ya he hablado previamente de este asunto. [&hellip;]<\/p>\n","protected":false},"author":1,"featured_media":0,"comment_status":"open","ping_status":"open","sticky":false,"template":"","format":"standard","meta":{"ngg_post_thumbnail":0,"footnotes":""},"categories":[6],"tags":[368,53,1494,18,482,481,480],"class_list":["post-848","post","type-post","status-publish","format-standard","hentry","category-fotografia","tag-aficionados-fotografia-muskiz","tag-andoni-lamborena","tag-lamborena","tag-muskiz","tag-muskiz-agrupacion-fotografia","tag-muskiz-asociacion-fotografia","tag-reunion-fotografos","entry"],"_links":{"self":[{"href":"https:\/\/www.lamborena.com\/index.php?rest_route=\/wp\/v2\/posts\/848","targetHints":{"allow":["GET"]}}],"collection":[{"href":"https:\/\/www.lamborena.com\/index.php?rest_route=\/wp\/v2\/posts"}],"about":[{"href":"https:\/\/www.lamborena.com\/index.php?rest_route=\/wp\/v2\/types\/post"}],"author":[{"embeddable":true,"href":"https:\/\/www.lamborena.com\/index.php?rest_route=\/wp\/v2\/users\/1"}],"replies":[{"embeddable":true,"href":"https:\/\/www.lamborena.com\/index.php?rest_route=%2Fwp%2Fv2%2Fcomments&post=848"}],"version-history":[{"count":5,"href":"https:\/\/www.lamborena.com\/index.php?rest_route=\/wp\/v2\/posts\/848\/revisions"}],"predecessor-version":[{"id":853,"href":"https:\/\/www.lamborena.com\/index.php?rest_route=\/wp\/v2\/posts\/848\/revisions\/853"}],"wp:attachment":[{"href":"https:\/\/www.lamborena.com\/index.php?rest_route=%2Fwp%2Fv2%2Fmedia&parent=848"}],"wp:term":[{"taxonomy":"category","embeddable":true,"href":"https:\/\/www.lamborena.com\/index.php?rest_route=%2Fwp%2Fv2%2Fcategories&post=848"},{"taxonomy":"post_tag","embeddable":true,"href":"https:\/\/www.lamborena.com\/index.php?rest_route=%2Fwp%2Fv2%2Ftags&post=848"}],"curies":[{"name":"wp","href":"https:\/\/api.w.org\/{rel}","templated":true}]}}