{"id":856,"date":"2009-10-04T00:02:11","date_gmt":"2009-10-03T22:02:11","guid":{"rendered":"http:\/\/www.lamborena.com\/?p=856"},"modified":"2009-10-04T18:52:12","modified_gmt":"2009-10-04T16:52:12","slug":"primera-reunion-de-aficionados-a-la-fotografia-de-muskiz","status":"publish","type":"post","link":"https:\/\/www.lamborena.com\/?p=856","title":{"rendered":"Primera reuni\u00f3n de aficionados a la fotograf\u00eda de Muskiz"},"content":{"rendered":"<p style=\"text-align: justify;\">El pasado viernes d\u00eda 2 de cotubre se celebr\u00f3 en el Gaztegune de Muskiz la primera reuni\u00f3n de aficionados a la fotograf\u00eda de Muskiz con la asistencia de 11 personas. A parte de esas 11 personas asistentes, contamos con un n\u00famero importante de gente que no pudo acudir por motivos de distinta \u00edndole pero que han mostrado su inter\u00e9s por esta iniciativa.<\/p>\n<p style=\"text-align: justify;\">La valoraci\u00f3n personal que hago de esta convocatoria es excelente. A ella acudieron personas de todas las edades y la impresi\u00f3n que me llev\u00e9 es la de que todos tenemos ganas de poner en marcha el grupo. Para ello hemos quedado en estudiar los requisitos para constituirnos como una asociaci\u00f3n, agrupaci\u00f3n, fotoclub, o como quiera que se tenga que denominar el grupo y tras ese estudio volver a juntarnos para ir concretando cuestiones. Como bien dec\u00edan algunos de los asistentes, lo importante es ponerse en marcha, y eso ya lo hemos hecho&#8230;<\/p>\n<p style=\"text-align: justify;\">Desde estas l\u00edneas me gustar\u00eda enviar mi m\u00e1s sincero agradecimientos a tod@s l@s asistentes por el inter\u00e9s mostrado en esta iniciativa. Eskerrik asko!<\/p>\n<p style=\"text-align: justify;\">Llevo varios d\u00edas sin subir fotos, pero como os he ido comentando \u00faltimamente, sigo de sequ\u00eda. Ma\u00f1ana, eso s\u00ed, subir\u00e9 una muy especial porque me ha hecho tremendamente feliz estos d\u00edas. Prometido! Bihar arte!<\/p>\n","protected":false},"excerpt":{"rendered":"<p>El pasado viernes d\u00eda 2 de cotubre se celebr\u00f3 en el Gaztegune de Muskiz la primera reuni\u00f3n de aficionados a la fotograf\u00eda de Muskiz con la asistencia de 11 personas. A parte de esas 11 personas asistentes, contamos con un n\u00famero importante de gente que no pudo acudir por motivos de distinta \u00edndole pero que [&hellip;]<\/p>\n","protected":false},"author":1,"featured_media":0,"comment_status":"open","ping_status":"open","sticky":false,"template":"","format":"standard","meta":{"ngg_post_thumbnail":0,"footnotes":""},"categories":[6],"tags":[368,485,88,18],"class_list":["post-856","post","type-post","status-publish","format-standard","hentry","category-fotografia","tag-aficionados-fotografia-muskiz","tag-argazkigintza-zaleak-muskiz","tag-fotos-de-muskiz","tag-muskiz","entry"],"_links":{"self":[{"href":"https:\/\/www.lamborena.com\/index.php?rest_route=\/wp\/v2\/posts\/856","targetHints":{"allow":["GET"]}}],"collection":[{"href":"https:\/\/www.lamborena.com\/index.php?rest_route=\/wp\/v2\/posts"}],"about":[{"href":"https:\/\/www.lamborena.com\/index.php?rest_route=\/wp\/v2\/types\/post"}],"author":[{"embeddable":true,"href":"https:\/\/www.lamborena.com\/index.php?rest_route=\/wp\/v2\/users\/1"}],"replies":[{"embeddable":true,"href":"https:\/\/www.lamborena.com\/index.php?rest_route=%2Fwp%2Fv2%2Fcomments&post=856"}],"version-history":[{"count":3,"href":"https:\/\/www.lamborena.com\/index.php?rest_route=\/wp\/v2\/posts\/856\/revisions"}],"predecessor-version":[{"id":859,"href":"https:\/\/www.lamborena.com\/index.php?rest_route=\/wp\/v2\/posts\/856\/revisions\/859"}],"wp:attachment":[{"href":"https:\/\/www.lamborena.com\/index.php?rest_route=%2Fwp%2Fv2%2Fmedia&parent=856"}],"wp:term":[{"taxonomy":"category","embeddable":true,"href":"https:\/\/www.lamborena.com\/index.php?rest_route=%2Fwp%2Fv2%2Fcategories&post=856"},{"taxonomy":"post_tag","embeddable":true,"href":"https:\/\/www.lamborena.com\/index.php?rest_route=%2Fwp%2Fv2%2Ftags&post=856"}],"curies":[{"name":"wp","href":"https:\/\/api.w.org\/{rel}","templated":true}]}}